{"id":737,"date":"2025-07-24T16:49:57","date_gmt":"2025-07-24T16:49:57","guid":{"rendered":"https:\/\/destaquevagasmais.com.br\/?p=737"},"modified":"2026-02-11T21:51:35","modified_gmt":"2026-02-11T21:51:35","slug":"jara-superstore-nigeria-vacancies","status":"publish","type":"post","link":"https:\/\/destaquevagasmais.com.br\/pt\/jara-superstore-nigeria-vacancies\/","title":{"rendered":"Descubra as vagas na Jara Superstore Nig\u00e9ria com sal\u00e1rios de at\u00e9 \u20a6 150.000"},"content":{"rendered":"<!--advertisement--><div class=\"mx-5 sm:mx-0 sm:text-3xl text-2xl font-medium title-font mb-4 text-gray-900 text-left\">\n<h2 class=\"wp-block-heading\">Aprenda como conseguir um emprego e dar um grande passo em sua jornada profissional<\/h2>\n<\/div><!--image--><div class=\"px-5 sm:px-0 sm:w-[800px] sm:ml-[50%] sm:-translate-x-2\/4 rounded-lg overflow-hidden mb-5 text-center\">\n<figure class=\"wp-block-image size-full is-resized\"><img decoding=\"async\" width=\"700\" height=\"467\" loading=\"lazy\" src=\"https:\/\/destaquevagasmais.com.br\/wp-content\/uploads\/sites\/74\/2025\/07\/ChatGPT-Image-24-de-jul.-de-2025-13_30_06-1.png\" alt=\"\" class=\"w-full object-cover object-center border mx-auto wp-image-738\" style=\"object-fit:cover;width:800px;height:384px\" srcset=\"https:\/\/destaquevagasmais.com.br\/wp-content\/uploads\/sites\/74\/2025\/07\/ChatGPT-Image-24-de-jul.-de-2025-13_30_06-1.png 700w, https:\/\/destaquevagasmais.com.br\/wp-content\/uploads\/sites\/74\/2025\/07\/ChatGPT-Image-24-de-jul.-de-2025-13_30_06-1-300x200.png 300w, https:\/\/destaquevagasmais.com.br\/wp-content\/uploads\/sites\/74\/2025\/07\/ChatGPT-Image-24-de-jul.-de-2025-13_30_06-1-18x12.png 18w\" sizes=\"(max-width: 700px) 100vw, 700px\" \/><figcaption class=\"mt-5 text-xs text-center border-b pb-4\">N\u00e3o deixe esta oportunidade escapar! Fonte: ChatGPT<\/figcaption><\/figure>\n<\/div><!--image--><div class=\"mx-5 sm:mx-0 prose leading-relaxed text-lg mb-5 text-left wp-paragraph\">\n<p>O <em>Vagas na Jara Superstore Nig\u00e9ria<\/em> s\u00e3o uma oportunidade imperd\u00edvel para quem busca uma carreira s\u00f3lida em uma das maiores redes de varejo da Nig\u00e9ria.<\/p>\n<\/div><div class=\"mx-5 sm:mx-0 prose leading-relaxed text-lg mb-5 text-left wp-paragraph\">\n<p>Com reputa\u00e7\u00e3o de excel\u00eancia e inova\u00e7\u00e3o no mercado, a Jara Superstore oferece mais do que apenas empregos: ela proporciona um caminho de crescimento e desenvolvimento profissional para quem quer se destacar.<\/p>\n<\/div><div class=\"mx-5 sm:mx-0 prose leading-relaxed text-lg mb-5 text-left wp-paragraph\">\n<p>Se voc\u00ea \u00e9 motivado, din\u00e2mico e est\u00e1 procurando novas oportunidades de carreira, este \u00e9 o momento perfeito para considerar uma posi\u00e7\u00e3o na Jara Superstore.<\/p>\n<\/div><div class=\"mx-5 sm:mx-0 prose leading-relaxed text-lg mb-5 text-left wp-paragraph\">\n<p>Continue lendo para descobrir as vagas em aberto, os benef\u00edcios de trabalhar com essa gigante do varejo e como voc\u00ea pode dar o pr\u00f3ximo passo na sua carreira.<\/p>\n<\/div><!--advertisement--><div class=\"mx-5 sm:mx-0 sm:text-3xl text-2xl font-medium title-font mb-4 text-gray-900 text-left\">\n<h2 class=\"wp-block-heading\"><strong>Conhe\u00e7a o Jara Superstore Nig\u00e9ria: um imp\u00e9rio em crescimento<\/strong><\/h2>\n<\/div><div class=\"mx-5 sm:mx-0 prose leading-relaxed text-lg mb-5 text-left wp-paragraph\">\n<p>A Jara Superstore \u00e9 uma das l\u00edderes no setor varejista na Nig\u00e9ria, oferecendo produtos de qualidade aos seus consumidores de forma acess\u00edvel e conveniente. A empresa se destaca por sua ampla gama de produtos, de alimentos e eletr\u00f4nicos a roupas e artigos para o lar, e por seu compromisso inabal\u00e1vel com a excel\u00eancia no atendimento ao cliente.<\/p>\n<\/div><div class=\"mx-5 sm:mx-0 prose leading-relaxed text-lg mb-5 text-left wp-paragraph\">\n<p>Por tr\u00e1s desse sucesso est\u00e1 uma equipe dedicada e qualificada que trabalha incansavelmente para garantir que os clientes tenham a melhor experi\u00eancia de compra poss\u00edvel. A Jara Superstore se orgulha de ter uma cultura organizacional que valoriza a inclus\u00e3o, a inova\u00e7\u00e3o e a melhoria cont\u00ednua.<\/p>\n<\/div><div class=\"mx-5 sm:mx-0 prose leading-relaxed text-lg mb-5 text-left wp-paragraph\">\n<p>Al\u00e9m do forte compromisso com os consumidores, a empresa investe no crescimento e desenvolvimento de seus funcion\u00e1rios, oferecendo a eles um ambiente de trabalho colaborativo e oportunidades constantes de aprendizado.<\/p>\n<\/div><div class=\"mx-5 sm:mx-0 prose leading-relaxed text-lg mb-5 text-left wp-paragraph\">\n<p>Ao se juntar \u00e0 equipe da Jara Superstore, voc\u00ea n\u00e3o apenas ajudar\u00e1 a manter esse padr\u00e3o de excel\u00eancia, mas tamb\u00e9m ter\u00e1 acesso a uma variedade de benef\u00edcios e oportunidades que podem impulsionar sua carreira.<\/p>\n<\/div><!--advertisement--><div class=\"mx-5 sm:mx-0 sm:text-3xl text-2xl font-medium title-font mb-4 text-gray-900 text-left\">\n<h2 class=\"wp-block-heading\"><strong>Vagas em Aberto: Oportunidades para Todos os Perfis e N\u00edveis de Experi\u00eancia<\/strong><\/h2>\n<\/div><div class=\"mx-5 sm:mx-0 prose leading-relaxed text-lg mb-5 text-left wp-paragraph\">\n<p>Uma das maiores vantagens de trabalhar na Jara Superstore Nig\u00e9ria \u00e9 a variedade de vagas em aberto para diferentes perfis e n\u00edveis de experi\u00eancia.<\/p>\n<\/div><div class=\"mx-5 sm:mx-0 prose leading-relaxed text-lg mb-5 text-left wp-paragraph\">\n<p>N\u00e3o importa se voc\u00ea est\u00e1 apenas come\u00e7ando sua carreira ou j\u00e1 tem experi\u00eancia no mercado de trabalho, h\u00e1 uma posi\u00e7\u00e3o que pode corresponder perfeitamente \u00e0s suas habilidades e expectativas profissionais.<\/p>\n<\/div><div class=\"mx-5 sm:mx-0 prose leading-relaxed text-lg mb-5 text-left wp-paragraph\">\n<p>Abaixo est\u00e3o algumas das vagas mais comuns na Jara Superstore:<\/p>\n<\/div><!--advertisement--><div class=\"mx-5 sm:mx-0 sm:text-3xl text-2xl font-medium title-font mb-4 text-gray-900 text-left\">\n<h3 class=\"wp-block-heading\">Atendimento ao Cliente:<\/h3>\n<\/div><div class=\"mx-5 sm:mx-0 prose leading-relaxed text-lg mb-5 text-left wp-paragraph\">\n<p>Esta posi\u00e7\u00e3o \u00e9 ideal para aqueles com habilidades de comunica\u00e7\u00e3o que gostam de interagir com o p\u00fablico.<\/p>\n<\/div><div class=\"mx-5 sm:mx-0 prose leading-relaxed text-lg mb-5 text-left wp-paragraph\">\n<p>Profissionais nessa fun\u00e7\u00e3o s\u00e3o respons\u00e1veis por garantir uma excelente experi\u00eancia de compra para os clientes, auxiliando com d\u00favidas, processando pagamentos e oferecendo assist\u00eancia personalizada.<\/p>\n<\/div><div class=\"mx-5 sm:mx-0 prose leading-relaxed text-lg mb-5 text-left wp-paragraph\">\n<p>O sal\u00e1rio m\u00e9dio para esta posi\u00e7\u00e3o varia de \u20a6 50.000 a \u20a6 70.000 mensais, dependendo da experi\u00eancia e da localiza\u00e7\u00e3o da loja.<\/p>\n<\/div><!--advertisement--><div class=\"mx-5 sm:mx-0 sm:text-3xl text-2xl font-medium title-font mb-4 text-gray-900 text-left\">\n<h3 class=\"wp-block-heading\">Opera\u00e7\u00f5es da loja:<\/h3>\n<\/div><div class=\"mx-5 sm:mx-0 prose leading-relaxed text-lg mb-5 text-left wp-paragraph\">\n<p>Se voc\u00ea tem interesse em trabalhar diretamente com as opera\u00e7\u00f5es da loja, a fun\u00e7\u00e3o de operador de loja pode ser perfeita para voc\u00ea.<\/p>\n<\/div><div class=\"mx-5 sm:mx-0 prose leading-relaxed text-lg mb-5 text-left wp-paragraph\">\n<p>Nessa fun\u00e7\u00e3o, voc\u00ea ser\u00e1 respons\u00e1vel por gerenciar o estoque, organizar prateleiras, controlar o estoque e supervisionar as opera\u00e7\u00f5es di\u00e1rias da loja.<\/p>\n<\/div><div class=\"mx-5 sm:mx-0 prose leading-relaxed text-lg mb-5 text-left wp-paragraph\">\n<p>O sal\u00e1rio m\u00e9dio para esses cargos varia de \u20a6 100.000 a \u20a6 120.000 mensais.<\/p>\n<\/div><!--advertisement--><div class=\"mx-5 sm:mx-0 sm:text-3xl text-2xl font-medium title-font mb-4 text-gray-900 text-left\">\n<h3 class=\"wp-block-heading\">Marketing e Comunica\u00e7\u00f5es:<\/h3>\n<\/div><div class=\"mx-5 sm:mx-0 prose leading-relaxed text-lg mb-5 text-left wp-paragraph\">\n<p>Se voc\u00ea \u00e9 criativo, tem experi\u00eancia em marketing digital ou tradicional e est\u00e1 procurando novos desafios, a Jara Superstore tem vagas de marketing.<\/p>\n<\/div><div class=\"mx-5 sm:mx-0 prose leading-relaxed text-lg mb-5 text-left wp-paragraph\">\n<p>Profissionais de marketing s\u00e3o respons\u00e1veis por criar campanhas publicit\u00e1rias, melhorar a presen\u00e7a online da empresa e desenvolver estrat\u00e9gias para aumentar as vendas.<\/p>\n<\/div><div class=\"mx-5 sm:mx-0 prose leading-relaxed text-lg mb-5 text-left wp-paragraph\">\n<p>O sal\u00e1rio m\u00e9dio para esses cargos \u00e9 de aproximadamente \u20a6 120.000 a \u20a6 150.000 mensais, dependendo da experi\u00eancia e da complexidade do trabalho.<\/p>\n<\/div><!--advertisement--><div class=\"mx-5 sm:mx-0 sm:text-3xl text-2xl font-medium title-font mb-4 text-gray-900 text-left\">\n<h3 class=\"wp-block-heading\">Gest\u00e3o e Supervis\u00e3o:<\/h3>\n<\/div><div class=\"mx-5 sm:mx-0 prose leading-relaxed text-lg mb-5 text-left wp-paragraph\">\n<p>Para aqueles com experi\u00eancia em lideran\u00e7a e gest\u00e3o, a Jara Superstore oferece cargos de supervis\u00e3o e gest\u00e3o de loja.<\/p>\n<\/div><div class=\"mx-5 sm:mx-0 prose leading-relaxed text-lg mb-5 text-left wp-paragraph\">\n<p>Nessas fun\u00e7\u00f5es, os profissionais s\u00e3o respons\u00e1veis pela coordena\u00e7\u00e3o da equipe, controle de vendas, gest\u00e3o de estoque e cumprimento das metas estabelecidas pela empresa.<\/p>\n<\/div><div class=\"mx-5 sm:mx-0 prose leading-relaxed text-lg mb-5 text-left wp-paragraph\">\n<p>Os sal\u00e1rios para cargos de gest\u00e3o come\u00e7am em \u20a6 150.000 mensais e podem aumentar dependendo da experi\u00eancia e das responsabilidades atribu\u00eddas.<\/p>\n<\/div><div class=\"mx-5 sm:mx-0 prose leading-relaxed text-lg mb-5 text-left wp-paragraph\">\n<p>Al\u00e9m dessas fun\u00e7\u00f5es, a Jara Superstore oferece oportunidades em diversas outras \u00e1reas, como finan\u00e7as, recursos humanos, log\u00edstica e tecnologia, atendendo a uma ampla variedade de perfis profissionais.<\/p>\n<\/div><!--advertisement--><div class=\"mx-5 sm:mx-0 sm:text-3xl text-2xl font-medium title-font mb-4 text-gray-900 text-left\">\n<h2 class=\"wp-block-heading\"><strong>Por que trabalhar na Jara Superstore? Os benef\u00edcios de fazer parte de uma empresa l\u00edder de mercado<\/strong><\/h2>\n<\/div><div class=\"mx-5 sm:mx-0 prose leading-relaxed text-lg mb-5 text-left wp-paragraph\">\n<p>Trabalhar na Jara Superstore \u00e9 muito mais do que receber um sal\u00e1rio competitivo. A empresa oferece um pacote completo de benef\u00edcios focado no bem-estar e desenvolvimento dos funcion\u00e1rios, tornando-se um dos melhores lugares para trabalhar no setor varejista.<\/p>\n<\/div><div class=\"mx-5 sm:mx-0 prose leading-relaxed text-lg mb-5 text-left wp-paragraph\">\n<p>Aqui est\u00e3o alguns dos principais benef\u00edcios que voc\u00ea pode esperar ao se juntar \u00e0 equipe:<\/p>\n<\/div><!--advertisement--><div class=\"mx-5 sm:mx-0 sm:text-3xl text-2xl font-medium title-font mb-4 text-gray-900 text-left\">\n<h3 class=\"wp-block-heading\">Sal\u00e1rio competitivo:<\/h3>\n<\/div><div class=\"mx-5 sm:mx-0 prose leading-relaxed text-lg mb-5 text-left wp-paragraph\">\n<p>A Jara Superstore oferece sal\u00e1rios alinhados ao mercado, com oportunidades de aumento com base no desempenho e promo\u00e7\u00f5es internas. Os sal\u00e1rios s\u00e3o atrativos, e a empresa tamb\u00e9m oferece b\u00f4nus e comiss\u00f5es para fun\u00e7\u00f5es que envolvam vendas e metas.<\/p>\n<\/div><!--advertisement--><div class=\"mx-5 sm:mx-0 sm:text-3xl text-2xl font-medium title-font mb-4 text-gray-900 text-left\">\n<h3 class=\"wp-block-heading\">Plano de Sa\u00fade e Bem-Estar:<\/h3>\n<\/div><div class=\"mx-5 sm:mx-0 prose leading-relaxed text-lg mb-5 text-left wp-paragraph\">\n<p>A empresa oferece um excelente plano de sa\u00fade com cobertura completa que inclui consultas m\u00e9dicas, exames e interna\u00e7\u00f5es.<\/p>\n<\/div><div class=\"mx-5 sm:mx-0 prose leading-relaxed text-lg mb-5 text-left wp-paragraph\">\n<p>Al\u00e9m disso, programas de bem-estar s\u00e3o implementados para garantir que os funcion\u00e1rios cuidem de sua sa\u00fade f\u00edsica e mental, incluindo apoio psicol\u00f3gico e atividades como condicionamento f\u00edsico no local de trabalho.<\/p>\n<\/div><!--advertisement--><div class=\"mx-5 sm:mx-0 sm:text-3xl text-2xl font-medium title-font mb-4 text-gray-900 text-left\">\n<h3 class=\"wp-block-heading\">Crescimento profissional:<\/h3>\n<\/div><div class=\"mx-5 sm:mx-0 prose leading-relaxed text-lg mb-5 text-left wp-paragraph\">\n<p>A Jara Superstore investe continuamente no desenvolvimento de seus funcion\u00e1rios.<\/p>\n<\/div><div class=\"mx-5 sm:mx-0 prose leading-relaxed text-lg mb-5 text-left wp-paragraph\">\n<p>A empresa oferece treinamento regular, programas de mentoria e workshops, permitindo que os funcion\u00e1rios se mantenham atualizados sobre as \u00faltimas tend\u00eancias do setor e desenvolvam novas habilidades para ajud\u00e1-los a crescer dentro da organiza\u00e7\u00e3o.<\/p>\n<\/div><!--advertisement--><div class=\"mx-5 sm:mx-0 sm:text-3xl text-2xl font-medium title-font mb-4 text-gray-900 text-left\">\n<h3 class=\"wp-block-heading\">Descontos e benef\u00edcios para funcion\u00e1rios:<\/h3>\n<\/div><div class=\"mx-5 sm:mx-0 prose leading-relaxed text-lg mb-5 text-left wp-paragraph\">\n<p>Os funcion\u00e1rios da Jara Superstore desfrutam de descontos exclusivos em produtos vendidos nas lojas. Essa \u00e9 uma vantagem significativa, especialmente para aqueles que adoram aproveitar \u00f3timas ofertas e, ao mesmo tempo, contribuem para o sucesso da empresa.<\/p>\n<\/div><!--advertisement--><div class=\"mx-5 sm:mx-0 sm:text-3xl text-2xl font-medium title-font mb-4 text-gray-900 text-left\">\n<h3 class=\"wp-block-heading\">Ambiente de trabalho positivo:<\/h3>\n<\/div><div class=\"mx-5 sm:mx-0 prose leading-relaxed text-lg mb-5 text-left wp-paragraph\">\n<p>A Jara Superstore promove um ambiente de trabalho colaborativo e inclusivo, onde todos os funcion\u00e1rios t\u00eam a oportunidade de contribuir com ideias e serem ouvidos.<\/p>\n<\/div><div class=\"mx-5 sm:mx-0 prose leading-relaxed text-lg mb-5 text-left wp-paragraph\">\n<p>A cultura organizacional \u00e9 constru\u00edda com base no respeito, na diversidade e no trabalho em equipe, tornando o ambiente de trabalho mais saud\u00e1vel e produtivo.<\/p>\n<\/div><!--advertisement--><div class=\"mx-5 sm:mx-0 sm:text-3xl text-2xl font-medium title-font mb-4 text-gray-900 text-left\">\n<h2 class=\"wp-block-heading\"><strong>Como se candidatar: guia passo a passo para garantir seu emprego na Jara Superstore<\/strong><\/h2>\n<\/div><div class=\"mx-5 sm:mx-0 prose leading-relaxed text-lg mb-5 text-left wp-paragraph\">\n<p>Agora que voc\u00ea sabe mais sobre a Jara Superstore e as oportunidades de emprego dispon\u00edveis, vamos gui\u00e1-lo pelo processo de candidatura. Seguir um guia passo a passo simples pode fazer toda a diferen\u00e7a para garantir sua vaga.<\/p>\n<\/div><div class=\"mx-5 sm:mx-0 prose text-left mb-5\">\n<ol><div class=\"mx-5 sm:mx-0 prose text-left mb-5\">\n<li><strong>Visite o site oficial da Jara Superstore:<\/strong> No site, voc\u00ea encontrar\u00e1 a se\u00e7\u00e3o \u201cCarreiras\u201d, onde todas as vagas em aberto est\u00e3o listadas.<\/li>\n<\/div><\/ol>\n<\/div><div class=\"wp-block-lazyblock-credit-card lazyblock-credit-card-Z2qznn5\"><section class=\"credit-card mx-5 sm:mx-0 text-gray-600 body-font  my-10 border-gray-200 border-b border-l border-r sm:border-0\">\n  <div class=\"h-1 bg-gray-200 rounded overflow-hidden\">\n    <div class=\"w-24 h-full\"><\/div>\n  <\/div>\n  <div class=\"container px-5 sm:px-0 py-6 mx-auto\" data-anchor-target=\"lazyBlock\">\n    <div class=\"flex flex-wrap mx-auto\">\n      <a class=\"lg:w-2\/5 w-full lg:pl-6 mt-6 lg:mt-0\" href=\"https:\/\/www.myjobmag.com\/jobs-at\/jara-ng\" data-analytics-label=\"creditCardImage\" data-action=\"analytics#trackCTA\" >\n        <img decoding=\"async\" class=\"w-full h-64 object-cover object-center rounded\" loading=\"lazy\" alt=\"card\" style=\"height: 190px;\" src=\"https:\/\/destaquevagasmais.com.br\/wp-content\/uploads\/sites\/74\/2025\/07\/jara.png\">\n      <\/a>\n      <div class=\"lg:w-3\/5 w-full lg:pl-6 mt-6 lg:mt-0\">\n        <h2 class=\"text-sm title-font text-gray-500 tracking-widest uppercase\">\n          Site        <\/h2>\n        <h1 class=\"text-gray-900 text-3xl title-font font-medium mb-1\">\n          Jara SuperStore        <\/h1>\n        <div class=\"flex mb-4 justify-center sm:justify-start\">\n          \n                      <span class=\"inline-block py-1 px-2 rounded text-xs font-medium tracking-widest uppercase mr-2\">\n              Encomendar Online            <\/span>\n                    \n        <\/div>\n        <p class=\"leading-relaxed\">\n          Descubra as vagas em aberto na Jara Superstore e d\u00ea o pr\u00f3ximo passo na sua carreira.        <\/p>\n        <div class=\"flex mt-6 items-center pb-5 border-b-2 border-gray-100 mb-5\">\n          \n        <\/div>\n        <div class=\"flex\">\n          <a data-km2-rewarded=\"true\" style=\"font-size: 13px;\" class=\"hidden animate-fade-in flex m-auto sm:mr-0 sm:ml-auto\" rel=\"sponsored\" href=\"https:\/\/www.myjobmag.com\/jobs-at\/jara-ng\" data-analytics-label=\"creditCardButton\" data-action=\"analytics#trackCTA\"  >\n            <button class=\"uppercase flex m-auto sm:mr-0 sm:ml-auto border-0 py-2 px-4 focus:outline-none rounded  disabled:opacity-50\">\n              ACESSE AGORA            <\/button>\n          <\/a>\n          <a data-km2-rewarded=\"false\" style=\"font-size: 15px;\" class=\"flex m-auto sm:mr-0 sm:ml-auto\" rel=\"sponsored\" href=\"https:\/\/www.myjobmag.com\/jobs-at\/jara-ng\" data-analytics-label=\"creditCardButton\" data-action=\"analytics#trackCTA\"  >\n            <button id=\"offer-first\" class=\"flex m-auto sm:mr-0 sm:ml-auto border-0 py-2 px-6 focus:outline-none rounded  disabled:opacity-50\">\n              ACESSE AGORA            <\/button>\n          <\/a>\n        <\/div>\n        <p class=\"text-xs text-gray-500 mt-3 text-center sm:text-right\">\n          Voc\u00ea ser\u00e1 redirecionado para outro site        <\/p>\n      <\/div>\n    <\/div>\n  <\/div>\n\n    <script type=\"module\"> function waitFor(conditionFunction) { const poll = resolve => { if(conditionFunction()) resolve(); else setTimeout(_ => poll(resolve), 400); }; return new Promise(poll); } import { Application, Controller } from \"\/wp-content\/themes\/twentytwentyone\/assets\/js\/stimulus.min.js\"; let Stimulus = Application.start(); Stimulus.register(\"anchor\", class extends Controller { static get targets() { return [ \"lazyBlock\", \"lazyBlockAnchor\" ]; } initialize() { this.active = false; this.passed = false; this.closed = false; this.anchorViews = 0; this.boundOnShowAnchor = this.onShowAnchor.bind(this); window.anchorReady = window.anchorReady || false; waitFor(_ => (window.scrollY > this.getHeightBlock() && !this.active)) .then(_ => { !window.anchorReady? this.visible() : ''; window.anchorReady = true; }); if (document.getElementById('landing')) { setTimeout(() => { !window.anchorReady ? this.visible() : ''; window.anchorReady = true; }, 1 * 30000); }; } connect() { this.onShowAnchor(); document.addEventListener(\"scroll\", this.boundOnShowAnchor); } disconnect() { document.removeEventListener(\"scroll\", this.boundOnShowAnchor); } visible() { if (document.getElementById('av-offerwall__wrapper')) { setTimeout(() => this.visible(), 20000); return; } if (document.getElementById('av-fixed__bottomWrapper') && document.getElementById('av-fixed__bottomWrapper').style.display !== 'none' && document.getElementById('av-fixed__bottomWrapper').getBoundingClientRect().height > 100) { setTimeout(() => this.visible(), 1000); return; } if (document.getElementById('av-fixed__bottomWrapper') && document.getElementById('av-fixed__bottomWrapper').style.display !== 'none' && document.getElementById('av-fixed__bottomWrapper').getBoundingClientRect().height > 10) { this.getAnchorElement().style.marginBottom = '60px'; } if (document.querySelector('[data-anchor-shown=\"true\"]') && document.querySelector('[data-anchor-shown=\"true\"]').style.bottom === '0px') { setTimeout(() => this.visible(), 1000); return; } if (!window.km2AnchorReady) { this.active = true; \/*this.getAnchorElement().style.animation = \"none\"; this.getAnchorElement().classList.remove('animate-show-down');*\/ \/*this.getAnchorElement().classList.add('animate-show-up');*\/ \/*setTimeout(() => {*\/ \/*this.getAnchorElement().style.animation = \"\";*\/ this.getAnchorElement().classList.add('animate-show-up'); this.getAnchorElement().classList.remove('hidden'); this.setAnchorViews(this.anchorViews+1); setTimeout(() => this.closeAnchor(), 20000); waitFor(_ => (document.getElementById('av-fixed__bottomWrapper') && document.getElementById('av-fixed__bottomWrapper').style.display !== 'none' && document.getElementById('av-fixed__bottomWrapper').getBoundingClientRect().height > 10 && this.getAnchorElement().style.marginBottom !== '60px')) .then(_ => { this.closeAnchor(); }); this.active = false; \/*}, 10);*\/ } } invisible() { this.active = true; this.getAnchorElement().style.animation = \"none\"; this.getAnchorElement().classList.remove('animate-show-up'); this.getAnchorElement().classList.add('animate-show-down'); setTimeout(() => { this.getAnchorElement().style.animation = \"\"; setTimeout(() => { this.getAnchorElement().classList.add('hidden'); this.active = false; }, 800); }, 10); } onShowAnchor() { let anchorReady = false;  \/*if (!this.active && !anchorReady) { if (this.getAnchorViews() <= 3) { if (window.scrollY > this.getHeightBlock()) { if (!this.passed && !this.closed) { this.visible(); this.passed = true; } } else { if (this.passed) { this.invisible(); this.passed = false; } } } else { if (!this.getAnchorElement().classList.contains('close')) { this.getAnchorElement().classList.add('close'); if (window.scrollY < this.getHeightBlock()) { this.invisible(); } } } }*\/ } closeAnchor() { if (this.closed) return; this.invisible(); this.getAnchorElement().classList.add('close'); this.closed = true; } getAnchorElement() { return this.lazyBlockAnchorTargets[0]; } getAnchorViews() { this.anchorViews = parseInt(sessionStorage.getItem(\"anchorViews\")) >= 1 ? parseInt(sessionStorage.getItem(\"anchorViews\")) : 0; return this.anchorViews; } setAnchorViews(views) { sessionStorage.setItem(\"anchorViews\", views); } getHeightBlock() { return this.lazyBlockTarget.offsetTop + this.lazyBlockTarget.offsetHeight - 110; } }) <\/script>  <div data-anchor-target=\"lazyBlockAnchor\" class=\"fixed w-full sm:w-96 px-3 py-2 bottom-0 left-0 hidden\" style=\"z-index: 999999;\" name=\"lazyBlockAnchor\">\n    <div class=\"grid justify-items-stretch\">        \n              <div class=\"relative justify-self-end top-4 -right-2\">\n          <button data-no-translation class=\"bg-white text-md font-medium text-center rounded-full h-7 w-7 border-2\" data-analytics-label=\"anchorCloseAnchor\" data-action=\"anchor#closeAnchor\" style=\"z-index: 999999;\">\n            X\n          <\/button>\n        <\/div>\n        <div class=\"justify-self-auto flex flex-col h-32 bg-white border-solid border-2 shadow-md rounded-md\">\n          <div class=\"flex my-0 h-full\">\n            <div class=\"w-2\/5 p-1 ml-2 mt-2 w-full\">\n              <a href=\"https:\/\/www.myjobmag.com\/jobs-at\/jara-ng\" rel=\"sponsored\" data-analytics-label=\"anchorImage\" data-action=\"analytics#trackCTA\">          \n                <img decoding=\"async\" loading=\"lazy\" alt=\"card\" class=\"w-full object-cover h-24 object-center rounded justify-self-auto border-2 border-gray-100\" src=\"https:\/\/destaquevagasmais.com.br\/wp-content\/uploads\/sites\/74\/2025\/07\/jara.png\">          \n              <\/a>\n            <\/div>\n            <div class=\"w-3\/5 my-2\">\n              <p class=\"px-4 text-center text-xs h-1\/2\">\n                Descubra as vagas em aberto na Jara Superstore e aproveite\u2026              <\/p>\n              <a href=\"https:\/\/www.myjobmag.com\/jobs-at\/jara-ng\" rel=\"sponsored\" data-analytics-label=\"anchorButton\" data-action=\"analytics#trackCTA\" >\n                <button class=\"flex w-5\/6 m-auto mt-2 border-0 py-1 px-3 focus:outline-none rounded\">                \n                  <p class=\"text-center w-full\" style=\"font-size: 0.67rem;\">\n                    ACESSE AGORA                  <\/p>\n                <\/button>\n              <\/a>\n              <p class=\"text-gray-500 text-center mt-1\" style=\"font-size: 0.50rem;\">\n                Voc\u00ea ser\u00e1 redirecionado para outro site              <\/p>\n            <\/div>\n          <\/div>\n        <\/div>\n          <\/div>\n  <\/div>\n<\/section><\/div><div class=\"mx-5 sm:mx-0 prose text-left mb-5\">\n<ol start=\"2\"><div class=\"mx-5 sm:mx-0 prose text-left mb-5\">\n<li><strong>Prepare seu curr\u00edculo:<\/strong> Atualize seu curr\u00edculo e inclua experi\u00eancias anteriores, habilidades e qualifica\u00e7\u00f5es alinhadas \u00e0 vaga desejada. Lembre-se de adapt\u00e1-lo para destacar como voc\u00ea pode contribuir para a empresa.<\/li>\n<\/div>\n\n<div class=\"mx-5 sm:mx-0 prose text-left mb-5\">\n<li><strong>Escreva uma carta de apresenta\u00e7\u00e3o envolvente:<\/strong> A carta de apresenta\u00e7\u00e3o deve ser clara e objetiva, destacando seu interesse na vaga e na Jara Superstore, al\u00e9m de enfatizar como voc\u00ea pode contribuir para a equipe.<\/li>\n<\/div>\n\n<div class=\"mx-5 sm:mx-0 prose text-left mb-5\">\n<li><strong>Envie sua inscri\u00e7\u00e3o:<\/strong> Ap\u00f3s analisar seus documentos, envie sua candidatura online atrav\u00e9s do e-mail fornecido. Se o seu perfil for selecionado, voc\u00ea ser\u00e1 convidado para uma entrevista.<\/li>\n<\/div><\/ol>\n<\/div><!--advertisement--><div class=\"mx-5 sm:mx-0 sm:text-3xl text-2xl font-medium title-font mb-4 text-gray-900 text-left\">\n<h2 class=\"wp-block-heading\"><strong>Oportunidades de crescimento e evolu\u00e7\u00e3o na carreira: o futuro da Jara Superstore<\/strong><\/h2>\n<\/div><div class=\"mx-5 sm:mx-0 prose leading-relaxed text-lg mb-5 text-left wp-paragraph\">\n<p>Trabalhando na Jara Superstore, voc\u00ea ter\u00e1 a chance de construir uma carreira s\u00f3lida. A empresa acredita no potencial de crescimento interno e oferece diversas oportunidades para os funcion\u00e1rios progredirem dentro da organiza\u00e7\u00e3o.<\/p>\n<\/div><div class=\"mx-5 sm:mx-0 prose leading-relaxed text-lg mb-5 text-left wp-paragraph\">\n<p>Por meio de programas de treinamento cont\u00ednuo, feedback regular e planos de desenvolvimento profissional, a Jara Superstore ajuda seus funcion\u00e1rios a atingir seus objetivos de carreira.<\/p>\n<\/div><div class=\"mx-5 sm:mx-0 prose leading-relaxed text-lg mb-5 text-left wp-paragraph\">\n<p>A empresa investe em sua equipe, oferecendo suporte e oportunidades de promo\u00e7\u00e3o para aqueles que demonstram dedica\u00e7\u00e3o e resultados.<\/p>\n<\/div><div class=\"mx-5 sm:mx-0 prose leading-relaxed text-lg mb-5 text-left wp-paragraph\">\n<p>Muitos dos atuais l\u00edderes e gerentes come\u00e7aram em cargos de n\u00edvel b\u00e1sico e, com o tempo, cresceram dentro da organiza\u00e7\u00e3o.<\/p>\n<\/div><!--advertisement--><div class=\"mx-5 sm:mx-0 sm:text-3xl text-2xl font-medium title-font mb-4 text-gray-900 text-left\">\n<h2 class=\"wp-block-heading\"><strong>Conclus\u00e3o: N\u00e3o perca a oportunidade de fazer parte de uma empresa em crescimento!<\/strong><\/h2>\n<\/div><div class=\"mx-5 sm:mx-0 prose leading-relaxed text-lg mb-5 text-left wp-paragraph\">\n<p>O <em>Vagas na Jara Superstore Nig\u00e9ria<\/em> s\u00e3o uma excelente oportunidade para quem busca crescimento profissional em um ambiente din\u00e2mico e inovador. A empresa oferece sal\u00e1rios competitivos, benef\u00edcios de primeira linha e, principalmente, oportunidades reais de desenvolvimento de carreira.<\/p>\n<\/div><div class=\"mx-5 sm:mx-0 prose leading-relaxed text-lg mb-5 text-left wp-paragraph\">\n<p>Se voc\u00ea est\u00e1 pronto para dar o pr\u00f3ximo passo em sua jornada profissional, n\u00e3o perca a chance de se candidatar e fazer parte de uma das maiores redes de varejo do pa\u00eds.<\/p>\n<\/div><div class=\"mx-5 sm:mx-0 prose leading-relaxed text-lg mb-5 text-left wp-paragraph\">\n<p>Mas se voc\u00ea ainda est\u00e1 explorando novas possibilidades, fique ligado! No pr\u00f3ximo artigo, falaremos sobre as vagas na Farm\u00e1cia St. David, outra empresa que se destaca no mercado e oferece \u00f3timas oportunidades para quem busca trabalhar no setor farmac\u00eautico.<\/p>\n<\/div><div class=\"mx-5 sm:mx-0 prose leading-relaxed text-lg mb-5 text-left wp-paragraph\">\n<p>N\u00e3o perca! Clique aqui para descobrir tudo sobre as vagas e como voc\u00ea pode fazer parte desta equipe de sucesso. At\u00e9 l\u00e1, boa sorte na sua jornada profissional!<\/p>\n<\/div><div class=\"wp-block-lazyblock-cta lazyblock-cta-yVXXS\">\n  <section class=\"cta mx-5 sm:mx-0 text-gray-600 body-font my-10 border-gray-200 border-b border-l border-r sm:border-0\">\n    <div class=\"h-1 bg-gray-200 rounded overflow-hidden\">\n      <div class=\"w-24 h-full\"><\/div>\n    <\/div>\n    <div class=\"container px-5 pt-6 pb-6 mx-auto flex flex-wrap\" data-anchor-target=\"lazyBlock\">    \n    \n            <h2 class=\"w-full sm:text-3xl text-2xl text-gray-900 font-medium title-font mb-2 text-center md:text-left md:w-2\/5\">\n        <a href=\"https:\/\/destaquevagasmais.com.br\/pt\/job-opportunities-at-st-davids-pharmacy\/\" data-analytics-label=\"ctaTitle\" data-action=\"analytics#trackCTA\" aria-label=\"Oportunidades de emprego na Farm\u00e1cia St. David&#039;s\">\n            Oportunidades de emprego na Farm\u00e1cia St. David&#039;s        <\/a>\n      <\/h2>\n      <div class=\"w-full md:w-3\/5 md:pl-6\">\n        <p class=\"text-center md:text-left leading-relaxed text-base\">\n            Pronto para dar o pr\u00f3ximo passo na sua carreira? A Farm\u00e1cia St. David&#039;s tem oportunidades para voc\u00ea! Acesse o artigo e candidate-se hoje mesmo.        <\/p>\n        <div class=\"flex mt-6 w-full flex-1 justify-center ml-auto md:mt-4 md:justify-start\" style=\"font-weight: bold;\">\n          <a class=\"inline-flex items-center\" href=\"https:\/\/destaquevagasmais.com.br\/pt\/job-opportunities-at-st-davids-pharmacy\/\"  data-analytics-label=\"ctaButton\" data-action=\"analytics#trackCTA\" >\n            Continuar lendo            <svg fill=\"none\" stroke=\"currentColor\" stroke-linecap=\"round\" stroke-linejoin=\"round\" stroke-width=\"2\" class=\"w-4 h-4 ml-2\" viewbox=\"0 0 24 24\">\n              <path d=\"M5 12h14M12 5l7 7-7 7\"><\/path>\n            <\/svg>\n          <\/a>\n        <\/div>\n      <\/div>  \n          \n    <\/div>\n      <script type=\"module\"> function waitFor(conditionFunction) { const poll = resolve => { if(conditionFunction()) resolve(); else setTimeout(_ => poll(resolve), 400); }; return new Promise(poll); } import { Application, Controller } from \"\/wp-content\/themes\/twentytwentyone\/assets\/js\/stimulus.min.js\"; let Stimulus = Application.start(); Stimulus.register(\"anchor\", class extends Controller { static get targets() { return [ \"lazyBlock\", \"lazyBlockAnchor\" ]; } initialize() { this.active = false; this.passed = false; this.closed = false; this.anchorViews = 0; this.boundOnShowAnchor = this.onShowAnchor.bind(this); window.anchorReady = window.anchorReady || false; waitFor(_ => (window.scrollY > this.getHeightBlock() && !this.active)) .then(_ => { !window.anchorReady? this.visible() : ''; window.anchorReady = true; }); if (document.getElementById('landing')) { setTimeout(() => { !window.anchorReady ? this.visible() : ''; window.anchorReady = true; }, 1 * 30000); }; } connect() { this.onShowAnchor(); document.addEventListener(\"scroll\", this.boundOnShowAnchor); } disconnect() { document.removeEventListener(\"scroll\", this.boundOnShowAnchor); } visible() { if (document.getElementById('av-offerwall__wrapper')) { setTimeout(() => this.visible(), 20000); return; } if (document.getElementById('av-fixed__bottomWrapper') && document.getElementById('av-fixed__bottomWrapper').style.display !== 'none' && document.getElementById('av-fixed__bottomWrapper').getBoundingClientRect().height > 100) { setTimeout(() => this.visible(), 1000); return; } if (document.getElementById('av-fixed__bottomWrapper') && document.getElementById('av-fixed__bottomWrapper').style.display !== 'none' && document.getElementById('av-fixed__bottomWrapper').getBoundingClientRect().height > 10) { this.getAnchorElement().style.marginBottom = '60px'; } if (document.querySelector('[data-anchor-shown=\"true\"]') && document.querySelector('[data-anchor-shown=\"true\"]').style.bottom === '0px') { setTimeout(() => this.visible(), 1000); return; } if (!window.km2AnchorReady) { this.active = true; \/*this.getAnchorElement().style.animation = \"none\"; this.getAnchorElement().classList.remove('animate-show-down');*\/ \/*this.getAnchorElement().classList.add('animate-show-up');*\/ \/*setTimeout(() => {*\/ \/*this.getAnchorElement().style.animation = \"\";*\/ this.getAnchorElement().classList.add('animate-show-up'); this.getAnchorElement().classList.remove('hidden'); this.setAnchorViews(this.anchorViews+1); setTimeout(() => this.closeAnchor(), 20000); waitFor(_ => (document.getElementById('av-fixed__bottomWrapper') && document.getElementById('av-fixed__bottomWrapper').style.display !== 'none' && document.getElementById('av-fixed__bottomWrapper').getBoundingClientRect().height > 10 && this.getAnchorElement().style.marginBottom !== '60px')) .then(_ => { this.closeAnchor(); }); this.active = false; \/*}, 10);*\/ } } invisible() { this.active = true; this.getAnchorElement().style.animation = \"none\"; this.getAnchorElement().classList.remove('animate-show-up'); this.getAnchorElement().classList.add('animate-show-down'); setTimeout(() => { this.getAnchorElement().style.animation = \"\"; setTimeout(() => { this.getAnchorElement().classList.add('hidden'); this.active = false; }, 800); }, 10); } onShowAnchor() { let anchorReady = false;  \/*if (!this.active && !anchorReady) { if (this.getAnchorViews() <= 3) { if (window.scrollY > this.getHeightBlock()) { if (!this.passed && !this.closed) { this.visible(); this.passed = true; } } else { if (this.passed) { this.invisible(); this.passed = false; } } } else { if (!this.getAnchorElement().classList.contains('close')) { this.getAnchorElement().classList.add('close'); if (window.scrollY < this.getHeightBlock()) { this.invisible(); } } } }*\/ } closeAnchor() { if (this.closed) return; this.invisible(); this.getAnchorElement().classList.add('close'); this.closed = true; } getAnchorElement() { return this.lazyBlockAnchorTargets[0]; } getAnchorViews() { this.anchorViews = parseInt(sessionStorage.getItem(\"anchorViews\")) >= 1 ? parseInt(sessionStorage.getItem(\"anchorViews\")) : 0; return this.anchorViews; } setAnchorViews(views) { sessionStorage.setItem(\"anchorViews\", views); } getHeightBlock() { return this.lazyBlockTarget.offsetTop + this.lazyBlockTarget.offsetHeight - 110; } }) <\/script>  <div data-anchor-target=\"lazyBlockAnchor\" class=\"fixed w-full sm:w-96 px-3 py-2 bottom-0 left-0 hidden\" style=\"z-index: 999999;\" name=\"lazyBlockAnchor\">\n    <div class=\"grid justify-items-stretch\">        \n              <div class=\"relative justify-self-end top-4 -right-2\">\n          <button data-no-translation class=\"bg-white text-md font-medium text-center rounded-full h-7 w-7 border-2\" data-analytics-label=\"anchorCloseAnchor\" data-action=\"anchor#closeAnchor\" style=\"z-index: 999999;\">\n            X\n          <\/button>\n        <\/div>\n        <div class=\"w-full justify-self-start flex flex-col h-32 bg-white border-solid border-2 shadow-md rounded-md\">\n          <div class=\"mx-2 h-1\/2\">\n            <p class=\"px-5 text-center pt-4 text-sm\">\n              Oportunidades de emprego na Farm\u00e1cia St. David&#039;s            <\/p>\n          <\/div>\n          <div class=\"mx-2 mt-1 bottom-0 h-1\/2\">\n            <a class=\"w-full m-auto\" href=\"https:\/\/destaquevagasmais.com.br\/pt\/job-opportunities-at-st-davids-pharmacy\/\"  data-analytics-label=\"anchorButton\" data-action=\"analytics#trackCTA\" >\n              <button class=\"flex m-auto border-0 py-2 px-6 focus:outline-none rounded text-center text-sm\">\n                Continuar lendo              <\/button>\n            <\/a>\n            <p class=\"text-gray-500 text-center mt-1\" style=\"font-size: 0.50rem;\">\n              Voc\u00ea permanecer\u00e1 no mesmo site  \n            <\/p>\n          <\/div>\n        <\/div>\n          <\/div>\n  <\/div>\n  <\/section>\n\n<\/div>","protected":false},"excerpt":{"rendered":"<p>Libere seu potencial de carreira com as vagas da Jara Superstore Nig\u00e9ria. Aproveite benef\u00edcios exclusivos e um ambiente de trabalho din\u00e2mico. Candidate-se agora e cres\u00e7a profissionalmente!<\/p>","protected":false},"author":6,"featured_media":738,"comment_status":"open","ping_status":"open","sticky":false,"template":"","format":"standard","meta":{"footnotes":""},"categories":[2],"tags":[],"yoast_head":"<!-- This site is optimized with the Yoast SEO plugin v23.3 - https:\/\/yoast.com\/wordpress\/plugins\/seo\/ -->\n<title>Discover the Jara Superstore Nigeria Vacancies with Salaries of up to \u20a6150,000 - Destaque Vagas Mais<\/title>\n<meta name=\"description\" content=\"Jara Superstore Nigeria vacancies are open for all profiles! Take advantage of competitive salaries and a thriving work culture\" \/>\n<meta name=\"robots\" content=\"index, follow, max-snippet:-1, max-image-preview:large, max-video-preview:-1\" \/>\n<link rel=\"canonical\" href=\"https:\/\/destaquevagasmais.com.br\/pt\/jara-superstore-nigeria-vacancies\/\" \/>\n<meta property=\"og:locale\" content=\"pt_BR\" \/>\n<meta property=\"og:type\" content=\"article\" \/>\n<meta property=\"og:title\" content=\"Discover the Jara Superstore Nigeria Vacancies with Salaries of up to \u20a6150,000 - Destaque Vagas Mais\" \/>\n<meta property=\"og:description\" content=\"Jara Superstore Nigeria vacancies are open for all profiles! Take advantage of competitive salaries and a thriving work culture\" \/>\n<meta property=\"og:url\" content=\"https:\/\/destaquevagasmais.com.br\/pt\/jara-superstore-nigeria-vacancies\/\" \/>\n<meta property=\"og:site_name\" content=\"Destaque Vagas Mais\" \/>\n<meta property=\"article:published_time\" content=\"2025-07-24T16:49:57+00:00\" \/>\n<meta property=\"article:modified_time\" content=\"2026-02-11T21:51:35+00:00\" \/>\n<meta property=\"og:image\" content=\"https:\/\/destaquevagasmais.com.br\/wp-content\/uploads\/sites\/74\/2025\/07\/ChatGPT-Image-24-de-jul.-de-2025-13_30_06-1.png\" \/>\n\t<meta property=\"og:image:width\" content=\"700\" \/>\n\t<meta property=\"og:image:height\" content=\"467\" \/>\n\t<meta property=\"og:image:type\" content=\"image\/png\" \/>\n<meta name=\"author\" content=\"rafaelagregoriopinho\" \/>\n<meta name=\"twitter:card\" content=\"summary_large_image\" \/>\n<meta name=\"twitter:label1\" content=\"Written by\" \/>\n\t<meta name=\"twitter:data1\" content=\"rafaelagregoriopinho\" \/>\n\t<meta name=\"twitter:label2\" content=\"Est. reading time\" \/>\n\t<meta name=\"twitter:data2\" content=\"8 minutos\" \/>\n<script type=\"application\/ld+json\" class=\"yoast-schema-graph\">{\"@context\":\"https:\/\/schema.org\",\"@graph\":[{\"@type\":\"WebPage\",\"@id\":\"https:\/\/destaquevagasmais.com.br\/jara-superstore-nigeria-vacancies\/\",\"url\":\"https:\/\/destaquevagasmais.com.br\/jara-superstore-nigeria-vacancies\/\",\"name\":\"Discover the Jara Superstore Nigeria Vacancies with Salaries of up to \u20a6150,000 - Destaque Vagas Mais\",\"isPartOf\":{\"@id\":\"https:\/\/destaquevagasmais.com.br\/#website\"},\"primaryImageOfPage\":{\"@id\":\"https:\/\/destaquevagasmais.com.br\/jara-superstore-nigeria-vacancies\/#primaryimage\"},\"image\":{\"@id\":\"https:\/\/destaquevagasmais.com.br\/jara-superstore-nigeria-vacancies\/#primaryimage\"},\"thumbnailUrl\":\"https:\/\/destaquevagasmais.com.br\/wp-content\/uploads\/sites\/74\/2025\/07\/ChatGPT-Image-24-de-jul.-de-2025-13_30_06-1.png\",\"datePublished\":\"2025-07-24T16:49:57+00:00\",\"dateModified\":\"2026-02-11T21:51:35+00:00\",\"author\":{\"@id\":\"https:\/\/destaquevagasmais.com.br\/#\/schema\/person\/0d3db4e334b23fb0726925146835d61a\"},\"description\":\"Jara Superstore Nigeria vacancies are open for all profiles! Take advantage of competitive salaries and a thriving work culture\",\"breadcrumb\":{\"@id\":\"https:\/\/destaquevagasmais.com.br\/jara-superstore-nigeria-vacancies\/#breadcrumb\"},\"inLanguage\":\"pt-BR\",\"potentialAction\":[{\"@type\":\"ReadAction\",\"target\":[\"https:\/\/destaquevagasmais.com.br\/jara-superstore-nigeria-vacancies\/\"]}]},{\"@type\":\"ImageObject\",\"inLanguage\":\"pt-BR\",\"@id\":\"https:\/\/destaquevagasmais.com.br\/jara-superstore-nigeria-vacancies\/#primaryimage\",\"url\":\"https:\/\/destaquevagasmais.com.br\/wp-content\/uploads\/sites\/74\/2025\/07\/ChatGPT-Image-24-de-jul.-de-2025-13_30_06-1.png\",\"contentUrl\":\"https:\/\/destaquevagasmais.com.br\/wp-content\/uploads\/sites\/74\/2025\/07\/ChatGPT-Image-24-de-jul.-de-2025-13_30_06-1.png\",\"width\":700,\"height\":467},{\"@type\":\"BreadcrumbList\",\"@id\":\"https:\/\/destaquevagasmais.com.br\/jara-superstore-nigeria-vacancies\/#breadcrumb\",\"itemListElement\":[{\"@type\":\"ListItem\",\"position\":1,\"name\":\"Home\",\"item\":\"https:\/\/destaquevagasmais.com.br\/\"},{\"@type\":\"ListItem\",\"position\":2,\"name\":\"Discover the Jara Superstore Nigeria Vacancies with Salaries of up to \u20a6150,000\"}]},{\"@type\":\"WebSite\",\"@id\":\"https:\/\/destaquevagasmais.com.br\/#website\",\"url\":\"https:\/\/destaquevagasmais.com.br\/\",\"name\":\"Destaque Vagas Mais\",\"description\":\"\",\"potentialAction\":[{\"@type\":\"SearchAction\",\"target\":{\"@type\":\"EntryPoint\",\"urlTemplate\":\"https:\/\/destaquevagasmais.com.br\/?s={search_term_string}\"},\"query-input\":\"required name=search_term_string\"}],\"inLanguage\":\"pt-BR\"},{\"@type\":\"Person\",\"@id\":\"https:\/\/destaquevagasmais.com.br\/#\/schema\/person\/0d3db4e334b23fb0726925146835d61a\",\"name\":\"rafaelagregoriopinho\",\"image\":{\"@type\":\"ImageObject\",\"inLanguage\":\"pt-BR\",\"@id\":\"https:\/\/destaquevagasmais.com.br\/#\/schema\/person\/image\/\",\"url\":\"https:\/\/secure.gravatar.com\/avatar\/896114155b61e0c2f10a07a5dea38c84?s=96&d=mm&r=g\",\"contentUrl\":\"https:\/\/secure.gravatar.com\/avatar\/896114155b61e0c2f10a07a5dea38c84?s=96&d=mm&r=g\",\"caption\":\"rafaelagregoriopinho\"},\"url\":\"https:\/\/destaquevagasmais.com.br\/pt\/author\/rafaelagregoriopinho\/\"}]}<\/script>\n<!-- \/ Yoast SEO plugin. -->","yoast_head_json":{"title":"Discover the Jara Superstore Nigeria Vacancies with Salaries of up to \u20a6150,000 - Destaque Vagas Mais","description":"Jara Superstore Nigeria vacancies are open for all profiles! Take advantage of competitive salaries and a thriving work culture","robots":{"index":"index","follow":"follow","max-snippet":"max-snippet:-1","max-image-preview":"max-image-preview:large","max-video-preview":"max-video-preview:-1"},"canonical":"https:\/\/destaquevagasmais.com.br\/pt\/jara-superstore-nigeria-vacancies\/","og_locale":"pt_BR","og_type":"article","og_title":"Discover the Jara Superstore Nigeria Vacancies with Salaries of up to \u20a6150,000 - Destaque Vagas Mais","og_description":"Jara Superstore Nigeria vacancies are open for all profiles! Take advantage of competitive salaries and a thriving work culture","og_url":"https:\/\/destaquevagasmais.com.br\/pt\/jara-superstore-nigeria-vacancies\/","og_site_name":"Destaque Vagas Mais","article_published_time":"2025-07-24T16:49:57+00:00","article_modified_time":"2026-02-11T21:51:35+00:00","og_image":[{"width":700,"height":467,"url":"https:\/\/destaquevagasmais.com.br\/wp-content\/uploads\/sites\/74\/2025\/07\/ChatGPT-Image-24-de-jul.-de-2025-13_30_06-1.png","type":"image\/png"}],"author":"rafaelagregoriopinho","twitter_card":"summary_large_image","twitter_misc":{"Written by":"rafaelagregoriopinho","Est. reading time":"8 minutos"},"schema":{"@context":"https:\/\/schema.org","@graph":[{"@type":"WebPage","@id":"https:\/\/destaquevagasmais.com.br\/jara-superstore-nigeria-vacancies\/","url":"https:\/\/destaquevagasmais.com.br\/jara-superstore-nigeria-vacancies\/","name":"Discover the Jara Superstore Nigeria Vacancies with Salaries of up to \u20a6150,000 - Destaque Vagas Mais","isPartOf":{"@id":"https:\/\/destaquevagasmais.com.br\/#website"},"primaryImageOfPage":{"@id":"https:\/\/destaquevagasmais.com.br\/jara-superstore-nigeria-vacancies\/#primaryimage"},"image":{"@id":"https:\/\/destaquevagasmais.com.br\/jara-superstore-nigeria-vacancies\/#primaryimage"},"thumbnailUrl":"https:\/\/destaquevagasmais.com.br\/wp-content\/uploads\/sites\/74\/2025\/07\/ChatGPT-Image-24-de-jul.-de-2025-13_30_06-1.png","datePublished":"2025-07-24T16:49:57+00:00","dateModified":"2026-02-11T21:51:35+00:00","author":{"@id":"https:\/\/destaquevagasmais.com.br\/#\/schema\/person\/0d3db4e334b23fb0726925146835d61a"},"description":"Jara Superstore Nigeria vacancies are open for all profiles! Take advantage of competitive salaries and a thriving work culture","breadcrumb":{"@id":"https:\/\/destaquevagasmais.com.br\/jara-superstore-nigeria-vacancies\/#breadcrumb"},"inLanguage":"pt-BR","potentialAction":[{"@type":"ReadAction","target":["https:\/\/destaquevagasmais.com.br\/jara-superstore-nigeria-vacancies\/"]}]},{"@type":"ImageObject","inLanguage":"pt-BR","@id":"https:\/\/destaquevagasmais.com.br\/jara-superstore-nigeria-vacancies\/#primaryimage","url":"https:\/\/destaquevagasmais.com.br\/wp-content\/uploads\/sites\/74\/2025\/07\/ChatGPT-Image-24-de-jul.-de-2025-13_30_06-1.png","contentUrl":"https:\/\/destaquevagasmais.com.br\/wp-content\/uploads\/sites\/74\/2025\/07\/ChatGPT-Image-24-de-jul.-de-2025-13_30_06-1.png","width":700,"height":467},{"@type":"BreadcrumbList","@id":"https:\/\/destaquevagasmais.com.br\/jara-superstore-nigeria-vacancies\/#breadcrumb","itemListElement":[{"@type":"ListItem","position":1,"name":"Home","item":"https:\/\/destaquevagasmais.com.br\/"},{"@type":"ListItem","position":2,"name":"Discover the Jara Superstore Nigeria Vacancies with Salaries of up to \u20a6150,000"}]},{"@type":"WebSite","@id":"https:\/\/destaquevagasmais.com.br\/#website","url":"https:\/\/destaquevagasmais.com.br\/","name":"Destaque Vagas Mais","description":"","potentialAction":[{"@type":"SearchAction","target":{"@type":"EntryPoint","urlTemplate":"https:\/\/destaquevagasmais.com.br\/?s={search_term_string}"},"query-input":"required name=search_term_string"}],"inLanguage":"pt-BR"},{"@type":"Person","@id":"https:\/\/destaquevagasmais.com.br\/#\/schema\/person\/0d3db4e334b23fb0726925146835d61a","name":"rafaelagregoriopinho","image":{"@type":"ImageObject","inLanguage":"pt-BR","@id":"https:\/\/destaquevagasmais.com.br\/#\/schema\/person\/image\/","url":"https:\/\/secure.gravatar.com\/avatar\/896114155b61e0c2f10a07a5dea38c84?s=96&d=mm&r=g","contentUrl":"https:\/\/secure.gravatar.com\/avatar\/896114155b61e0c2f10a07a5dea38c84?s=96&d=mm&r=g","caption":"rafaelagregoriopinho"},"url":"https:\/\/destaquevagasmais.com.br\/pt\/author\/rafaelagregoriopinho\/"}]}},"_links":{"self":[{"href":"https:\/\/destaquevagasmais.com.br\/pt\/wp-json\/wp\/v2\/posts\/737"}],"collection":[{"href":"https:\/\/destaquevagasmais.com.br\/pt\/wp-json\/wp\/v2\/posts"}],"about":[{"href":"https:\/\/destaquevagasmais.com.br\/pt\/wp-json\/wp\/v2\/types\/post"}],"author":[{"embeddable":true,"href":"https:\/\/destaquevagasmais.com.br\/pt\/wp-json\/wp\/v2\/users\/6"}],"replies":[{"embeddable":true,"href":"https:\/\/destaquevagasmais.com.br\/pt\/wp-json\/wp\/v2\/comments?post=737"}],"version-history":[{"count":3,"href":"https:\/\/destaquevagasmais.com.br\/pt\/wp-json\/wp\/v2\/posts\/737\/revisions"}],"predecessor-version":[{"id":6938,"href":"https:\/\/destaquevagasmais.com.br\/pt\/wp-json\/wp\/v2\/posts\/737\/revisions\/6938"}],"wp:featuredmedia":[{"embeddable":true,"href":"https:\/\/destaquevagasmais.com.br\/pt\/wp-json\/wp\/v2\/media\/738"}],"wp:attachment":[{"href":"https:\/\/destaquevagasmais.com.br\/pt\/wp-json\/wp\/v2\/media?parent=737"}],"wp:term":[{"taxonomy":"category","embeddable":true,"href":"https:\/\/destaquevagasmais.com.br\/pt\/wp-json\/wp\/v2\/categories?post=737"},{"taxonomy":"post_tag","embeddable":true,"href":"https:\/\/destaquevagasmais.com.br\/pt\/wp-json\/wp\/v2\/tags?post=737"}],"curies":[{"name":"wp","href":"https:\/\/api.w.org\/{rel}","templated":true}]}}