{"id":2494,"date":"2025-12-05T09:49:00","date_gmt":"2025-12-05T09:49:00","guid":{"rendered":"https:\/\/destaquevagasmais.com.br\/0b8bfabe-6e61-4d24-ac27-ea3496be6f23\/"},"modified":"2025-12-05T09:49:23","modified_gmt":"2025-12-05T09:49:23","slug":"0b8bfabe-6e61-4d24-ac27-ea3496be6f23","status":"publish","type":"post","link":"https:\/\/destaquevagasmais.com.br\/pt\/0b8bfabe-6e61-4d24-ac27-ea3496be6f23\/","title":{"rendered":"Gerente Regional de Opera\u00e7\u00f5es \u2013 Bens de Consumo de Movimento R\u00e1pido (FMCG) - Alimentos (R$ 35 mil a R$ 45 mil) | Lideran\u00e7a em Opera\u00e7\u00f5es de Varejo"},"content":{"rendered":"<div class=\"mx-5 sm:mx-0 prose text-left mb-5\">\n<\/p>\n<div style=\"background: #ffffff; border-radius: 12px; box-shadow: 0 10px 30px rgba(0, 0, 0, 0.1); width: 100%; max-width: 340px; padding: 25px; transition: transform 0.3s ease-in-out; overflow: visible; display: flex; flex-direction: column; position: relative; border: 1px solid #28a745; margin-top: 70px; margin-bottom: 50px; margin-left: auto; margin-right: auto;\">\n<div style=\"position: absolute; top: -35px; right: 15px; color: #28a745; padding: 5px 10px; border-radius: 6px; font-size: 14px; font-weight: bold; display: flex; align-items: center; z-index: 10;\">Recomendado para voc\u00ea<\/div>\n<div data-namespace-header=\"\" style=\"\">\n<h3 data-namespace-title=\"\" style=\"color: #333; font-size: 20px; font-weight: bold; text-align: left; margin-right: 50px; min-height: 50px; margin-top: 0px;\">Gerente de Opera\u00e7\u00f5es Regionais<\/h3>\n<\/p><\/div>\n<p data-namespace-prompt=\"\" style=\"font-size: 16px; color: #666; margin-bottom: 20px; line-height: 1.5; flex-grow: 1; text-align: left; margin-top: 0px;\">Gerencie v\u00e1rias redes de supermercados de bens de consumo de alta rotatividade (FMCG), lidere equipes, impulsione a lucratividade, receba um sal\u00e1rio mensal competitivo e desfrute de oportunidades de lideran\u00e7a e um estilo de vida litor\u00e2neo.<\/p>\n<p>    <a data-namespace-url=\"\" href=\"https:\/\/destaquevagasmais.com.br\/pt\/redirect\/?https:\/\/www.pnet.co.za\/jobs--Regional-Operations-Manager-FMCG-Foods-Supermarkets-R35k-R45k-negotiable-Port-Shepstone-Saflin-Consulting-Pty-ltd--4090142-inline.html?utm_campaign=google_jobs_apply&#038;utm_source=google_jobs_apply&#038;utm_medium=organic\" style=\"width: 100%; display: inline-block; color: white; text-decoration: none; border-radius: 6px; font-size: 16px; font-weight: bold; text-align: center; transition: transform 0.3s ease, background 0.3s ease; margin-top: auto;\" data-namespace-id=\"5c0d2565-3ba9-4280-a382-ad2a691e2285\"><br \/>\n        <button style=\"width: 100%; height: 55px; background: #e9e9ed; border: 1px solid black; color: black;\">Candidate-se agora<\/button><br \/>\n    <\/a><br \/>\n    <small style=\"margin-top: 10px; color: #777; font-size: 12px; text-align: center; display: block;\">Voc\u00ea ser\u00e1 redirecionado para outro site<\/small>\n<\/div>\n<p>A posi\u00e7\u00e3o de Gerente Regional de Opera\u00e7\u00f5es no setor de Bens de Consumo de Movimento R\u00e1pido (FMCG) oferece um sal\u00e1rio mensal entre R$ 35.000 e R$ 45.000, negoci\u00e1vel de acordo com a experi\u00eancia. Esta \u00e9 uma oportunidade em tempo integral, com contrato permanente, que oferece possibilidades de crescimento dentro de uma organiza\u00e7\u00e3o din\u00e2mica de varejo e atacado. Como avaliador independente, esta fun\u00e7\u00e3o se destaca para aqueles com experi\u00eancia no setor varejista e paix\u00e3o por lideran\u00e7a operacional.<\/p>\n<h2>Principais responsabilidades do Gerente Regional de Opera\u00e7\u00f5es<\/h2>\n<p>Esta fun\u00e7\u00e3o exige a supervis\u00e3o do funcionamento di\u00e1rio de um grupo de supermercados, garantindo que todas as lojas atinjam as metas de desempenho e cumpram os padr\u00f5es estabelecidos pela empresa.<\/p>\n<p>As principais responsabilidades incluem liderar equipes, impulsionar as vendas e a lucratividade, e capacitar os gerentes de loja para que alcancem resultados ainda melhores. Disciplina operacional, experi\u00eancia do cliente e controle de custos s\u00e3o os pilares dos seus objetivos. Auditorias e relat\u00f3rios peri\u00f3dicos s\u00e3o esperados, assim como contato ativo com as equipes de RH, cadeia de suprimentos e marketing. O cumprimento rigoroso das normas de sa\u00fade e seguran\u00e7a alimentar tamb\u00e9m \u00e9 fundamental.<\/p>\n<p>Voc\u00ea tamb\u00e9m precisar\u00e1 equilibrar a vis\u00e3o estrat\u00e9gica do grupo com as necessidades pr\u00e1ticas de cada local, trazendo consist\u00eancia e melhoria cont\u00ednua para todo o seu portf\u00f3lio de lojas.<\/p>\n<h2>Vantagens da fun\u00e7\u00e3o<\/h2>\n<p>O sal\u00e1rio competitivo e os b\u00f4nus por desempenho s\u00e3o grandes atrativos.<\/p>\n<p>Voc\u00ea se beneficiar\u00e1 ao ingressar em uma empresa respeitada e em crescimento, conhecida por sua inova\u00e7\u00e3o no setor de bens de consumo de massa, o que proporciona oportunidades reais para influenciar o crescimento dos neg\u00f3cios e o desenvolvimento da equipe.<\/p>\n<h2>Contras a considerar<\/h2>\n<p>Esta fun\u00e7\u00e3o \u00e9 pr\u00e1tica e complexa, exigindo um alto n\u00edvel de comprometimento e a necessidade de viagens frequentes dentro da regi\u00e3o.<\/p>\n<p>\u00c9 necess\u00e1rio tamb\u00e9m demonstrar experi\u00eancia em gest\u00e3o de pessoas e em \u00e1reas financeiras, o que pode ser um desafio em um ambiente de alto volume e com v\u00e1rias unidades.<\/p>\n<h2>Veredicto final<\/h2>\n<p>Para profissionais com vasta experi\u00eancia em gest\u00e3o de varejo e foco em excel\u00eancia operacional, o cargo de Gerente Regional de Opera\u00e7\u00f5es representa um passo importante na carreira de bens de consumo de massa. O equil\u00edbrio entre responsabilidades estrat\u00e9gicas e operacionais, aliado a uma remunera\u00e7\u00e3o competitiva, torna essa uma oportunidade atraente para o candidato ideal.<\/p>\n<div style=\"background: #ffffff; border-radius: 12px; box-shadow: 0 10px 30px rgba(0, 0, 0, 0.1); width: 100%; max-width: 340px; padding: 25px; transition: transform 0.3s ease-in-out; overflow: visible; display: flex; flex-direction: column; position: relative; border: 1px solid #28a745; margin-top: 70px; margin-bottom: 50px; margin-left: auto; margin-right: auto;\">\n<div style=\"position: absolute; top: -35px; right: 15px; color: #28a745; padding: 5px 10px; border-radius: 6px; font-size: 14px; font-weight: bold; display: flex; align-items: center; z-index: 10;\">Recomendado para voc\u00ea<\/div>\n<div data-namespace-header=\"\" style=\"\">\n<h3 data-namespace-title=\"\" style=\"color: #333; font-size: 20px; font-weight: bold; text-align: left; margin-right: 50px; min-height: 50px; margin-top: 0px;\">Gerente de Opera\u00e7\u00f5es Regionais<\/h3>\n<\/p><\/div>\n<p data-namespace-prompt=\"\" style=\"font-size: 16px; color: #666; margin-bottom: 20px; line-height: 1.5; flex-grow: 1; text-align: left; margin-top: 0px;\">Gerencie v\u00e1rias redes de supermercados de bens de consumo de alta rotatividade (FMCG), lidere equipes, impulsione a lucratividade, receba um sal\u00e1rio mensal competitivo e desfrute de oportunidades de lideran\u00e7a e um estilo de vida litor\u00e2neo.<\/p>\n<p>    <a data-namespace-url=\"\" href=\"https:\/\/destaquevagasmais.com.br\/pt\/redirect\/?https:\/\/www.pnet.co.za\/jobs--Regional-Operations-Manager-FMCG-Foods-Supermarkets-R35k-R45k-negotiable-Port-Shepstone-Saflin-Consulting-Pty-ltd--4090142-inline.html?utm_campaign=google_jobs_apply&#038;utm_source=google_jobs_apply&#038;utm_medium=organic\" style=\"width: 100%; display: inline-block; color: white; text-decoration: none; border-radius: 6px; font-size: 16px; font-weight: bold; text-align: center; transition: transform 0.3s ease, background 0.3s ease; margin-top: auto;\" data-namespace-id=\"5c0d2565-3ba9-4280-a382-ad2a691e2285\"><br \/>\n        <button style=\"width: 100%; height: 55px; background: #e9e9ed; border: 1px solid black; color: black;\">Candidate-se agora<\/button><br \/>\n    <\/a><br \/>\n    <small style=\"margin-top: 10px; color: #777; font-size: 12px; text-align: center; display: block;\">Voc\u00ea ser\u00e1 redirecionado para outro site<\/small>\n<\/div>\n<\/div>","protected":false},"excerpt":{"rendered":"<p>Discover the Regional Operations Manager FMCG Foods job: earn up to R45k, manage multi-site teams and drive profitability. See if you&#8217;re ready for the next challenge. Apply today for a leadership role!<\/p>","protected":false},"author":3,"featured_media":0,"comment_status":"open","ping_status":"open","sticky":false,"template":"","format":"standard","meta":{"footnotes":""},"categories":[3],"tags":[],"yoast_head":"<!-- This site is optimized with the Yoast SEO plugin v23.3 - https:\/\/yoast.com\/wordpress\/plugins\/seo\/ -->\n<title>Regional Operations Manager \u2013 FMCG Foods (R35k\u2013R45k) | Lead Retail Operations - Destaque Vagas Mais<\/title>\n<meta name=\"robots\" content=\"index, follow, max-snippet:-1, max-image-preview:large, max-video-preview:-1\" \/>\n<link rel=\"canonical\" href=\"https:\/\/destaquevagasmais.com.br\/pt\/0b8bfabe-6e61-4d24-ac27-ea3496be6f23\/\" \/>\n<meta property=\"og:locale\" content=\"pt_BR\" \/>\n<meta property=\"og:type\" content=\"article\" \/>\n<meta property=\"og:title\" content=\"Regional Operations Manager \u2013 FMCG Foods (R35k\u2013R45k) | Lead Retail Operations - Destaque Vagas Mais\" \/>\n<meta property=\"og:description\" content=\"Discover the Regional Operations Manager FMCG Foods job: earn up to R45k, manage multi-site teams and drive profitability. See if you&#039;re ready for the next challenge. Apply today for a leadership role!\" \/>\n<meta property=\"og:url\" content=\"https:\/\/destaquevagasmais.com.br\/pt\/0b8bfabe-6e61-4d24-ac27-ea3496be6f23\/\" \/>\n<meta property=\"og:site_name\" content=\"Destaque Vagas Mais\" \/>\n<meta property=\"article:published_time\" content=\"2025-12-05T09:49:00+00:00\" \/>\n<meta property=\"article:modified_time\" content=\"2025-12-05T09:49:23+00:00\" \/>\n<meta name=\"author\" content=\"Bruno Gianni\" \/>\n<meta name=\"twitter:card\" content=\"summary_large_image\" \/>\n<meta name=\"twitter:label1\" content=\"Written by\" \/>\n\t<meta name=\"twitter:data1\" content=\"Bruno Gianni\" \/>\n\t<meta name=\"twitter:label2\" content=\"Est. reading time\" \/>\n\t<meta name=\"twitter:data2\" content=\"2 minutos\" \/>\n<script type=\"application\/ld+json\" class=\"yoast-schema-graph\">{\"@context\":\"https:\/\/schema.org\",\"@graph\":[{\"@type\":\"WebPage\",\"@id\":\"https:\/\/destaquevagasmais.com.br\/0b8bfabe-6e61-4d24-ac27-ea3496be6f23\/\",\"url\":\"https:\/\/destaquevagasmais.com.br\/0b8bfabe-6e61-4d24-ac27-ea3496be6f23\/\",\"name\":\"Regional Operations Manager \u2013 FMCG Foods (R35k\u2013R45k) | Lead Retail Operations - Destaque Vagas Mais\",\"isPartOf\":{\"@id\":\"https:\/\/destaquevagasmais.com.br\/#website\"},\"datePublished\":\"2025-12-05T09:49:00+00:00\",\"dateModified\":\"2025-12-05T09:49:23+00:00\",\"author\":{\"@id\":\"https:\/\/destaquevagasmais.com.br\/#\/schema\/person\/d52888235fd6563bd07d97185d6a61e4\"},\"breadcrumb\":{\"@id\":\"https:\/\/destaquevagasmais.com.br\/0b8bfabe-6e61-4d24-ac27-ea3496be6f23\/#breadcrumb\"},\"inLanguage\":\"pt-BR\",\"potentialAction\":[{\"@type\":\"ReadAction\",\"target\":[\"https:\/\/destaquevagasmais.com.br\/0b8bfabe-6e61-4d24-ac27-ea3496be6f23\/\"]}]},{\"@type\":\"BreadcrumbList\",\"@id\":\"https:\/\/destaquevagasmais.com.br\/0b8bfabe-6e61-4d24-ac27-ea3496be6f23\/#breadcrumb\",\"itemListElement\":[{\"@type\":\"ListItem\",\"position\":1,\"name\":\"Home\",\"item\":\"https:\/\/destaquevagasmais.com.br\/\"},{\"@type\":\"ListItem\",\"position\":2,\"name\":\"Regional Operations Manager \u2013 FMCG Foods (R35k\u2013R45k) | Lead Retail Operations\"}]},{\"@type\":\"WebSite\",\"@id\":\"https:\/\/destaquevagasmais.com.br\/#website\",\"url\":\"https:\/\/destaquevagasmais.com.br\/\",\"name\":\"Destaque Vagas Mais\",\"description\":\"\",\"potentialAction\":[{\"@type\":\"SearchAction\",\"target\":{\"@type\":\"EntryPoint\",\"urlTemplate\":\"https:\/\/destaquevagasmais.com.br\/?s={search_term_string}\"},\"query-input\":\"required name=search_term_string\"}],\"inLanguage\":\"pt-BR\"},{\"@type\":\"Person\",\"@id\":\"https:\/\/destaquevagasmais.com.br\/#\/schema\/person\/d52888235fd6563bd07d97185d6a61e4\",\"name\":\"Bruno Gianni\",\"image\":{\"@type\":\"ImageObject\",\"inLanguage\":\"pt-BR\",\"@id\":\"https:\/\/destaquevagasmais.com.br\/#\/schema\/person\/image\/\",\"url\":\"https:\/\/secure.gravatar.com\/avatar\/0f5d42d7bf77874643c1478932860e3f?s=96&d=mm&r=g\",\"contentUrl\":\"https:\/\/secure.gravatar.com\/avatar\/0f5d42d7bf77874643c1478932860e3f?s=96&d=mm&r=g\",\"caption\":\"Bruno Gianni\"},\"description\":\"Bruno writes the way he lives, with curiosity, care, and respect for people. He likes to observe, listen, and try to understand what is happening on the other side before putting any words on the page.For him, writing is not about impressing, but about getting closer. It is about turning thoughts into something simple, clear, and real. Every text is an ongoing conversation, created with care and honesty, with the sincere intention of touching someone, somewhere along the way.\",\"url\":\"https:\/\/destaquevagasmais.com.br\/pt\/author\/bcgianni\/\"}]}<\/script>\n<!-- \/ Yoast SEO plugin. -->","yoast_head_json":{"title":"Regional Operations Manager \u2013 FMCG Foods (R35k\u2013R45k) | Lead Retail Operations - Destaque Vagas Mais","robots":{"index":"index","follow":"follow","max-snippet":"max-snippet:-1","max-image-preview":"max-image-preview:large","max-video-preview":"max-video-preview:-1"},"canonical":"https:\/\/destaquevagasmais.com.br\/pt\/0b8bfabe-6e61-4d24-ac27-ea3496be6f23\/","og_locale":"pt_BR","og_type":"article","og_title":"Regional Operations Manager \u2013 FMCG Foods (R35k\u2013R45k) | Lead Retail Operations - Destaque Vagas Mais","og_description":"Discover the Regional Operations Manager FMCG Foods job: earn up to R45k, manage multi-site teams and drive profitability. See if you're ready for the next challenge. Apply today for a leadership role!","og_url":"https:\/\/destaquevagasmais.com.br\/pt\/0b8bfabe-6e61-4d24-ac27-ea3496be6f23\/","og_site_name":"Destaque Vagas Mais","article_published_time":"2025-12-05T09:49:00+00:00","article_modified_time":"2025-12-05T09:49:23+00:00","author":"Bruno Gianni","twitter_card":"summary_large_image","twitter_misc":{"Written by":"Bruno Gianni","Est. reading time":"2 minutos"},"schema":{"@context":"https:\/\/schema.org","@graph":[{"@type":"WebPage","@id":"https:\/\/destaquevagasmais.com.br\/0b8bfabe-6e61-4d24-ac27-ea3496be6f23\/","url":"https:\/\/destaquevagasmais.com.br\/0b8bfabe-6e61-4d24-ac27-ea3496be6f23\/","name":"Regional Operations Manager \u2013 FMCG Foods (R35k\u2013R45k) | Lead Retail Operations - Destaque Vagas Mais","isPartOf":{"@id":"https:\/\/destaquevagasmais.com.br\/#website"},"datePublished":"2025-12-05T09:49:00+00:00","dateModified":"2025-12-05T09:49:23+00:00","author":{"@id":"https:\/\/destaquevagasmais.com.br\/#\/schema\/person\/d52888235fd6563bd07d97185d6a61e4"},"breadcrumb":{"@id":"https:\/\/destaquevagasmais.com.br\/0b8bfabe-6e61-4d24-ac27-ea3496be6f23\/#breadcrumb"},"inLanguage":"pt-BR","potentialAction":[{"@type":"ReadAction","target":["https:\/\/destaquevagasmais.com.br\/0b8bfabe-6e61-4d24-ac27-ea3496be6f23\/"]}]},{"@type":"BreadcrumbList","@id":"https:\/\/destaquevagasmais.com.br\/0b8bfabe-6e61-4d24-ac27-ea3496be6f23\/#breadcrumb","itemListElement":[{"@type":"ListItem","position":1,"name":"Home","item":"https:\/\/destaquevagasmais.com.br\/"},{"@type":"ListItem","position":2,"name":"Regional Operations Manager \u2013 FMCG Foods (R35k\u2013R45k) | Lead Retail Operations"}]},{"@type":"WebSite","@id":"https:\/\/destaquevagasmais.com.br\/#website","url":"https:\/\/destaquevagasmais.com.br\/","name":"Destaque Vagas Mais","description":"","potentialAction":[{"@type":"SearchAction","target":{"@type":"EntryPoint","urlTemplate":"https:\/\/destaquevagasmais.com.br\/?s={search_term_string}"},"query-input":"required name=search_term_string"}],"inLanguage":"pt-BR"},{"@type":"Person","@id":"https:\/\/destaquevagasmais.com.br\/#\/schema\/person\/d52888235fd6563bd07d97185d6a61e4","name":"Bruno Gianni","image":{"@type":"ImageObject","inLanguage":"pt-BR","@id":"https:\/\/destaquevagasmais.com.br\/#\/schema\/person\/image\/","url":"https:\/\/secure.gravatar.com\/avatar\/0f5d42d7bf77874643c1478932860e3f?s=96&d=mm&r=g","contentUrl":"https:\/\/secure.gravatar.com\/avatar\/0f5d42d7bf77874643c1478932860e3f?s=96&d=mm&r=g","caption":"Bruno Gianni"},"description":"Bruno writes the way he lives, with curiosity, care, and respect for people. He likes to observe, listen, and try to understand what is happening on the other side before putting any words on the page.For him, writing is not about impressing, but about getting closer. It is about turning thoughts into something simple, clear, and real. Every text is an ongoing conversation, created with care and honesty, with the sincere intention of touching someone, somewhere along the way.","url":"https:\/\/destaquevagasmais.com.br\/pt\/author\/bcgianni\/"}]}},"_links":{"self":[{"href":"https:\/\/destaquevagasmais.com.br\/pt\/wp-json\/wp\/v2\/posts\/2494"}],"collection":[{"href":"https:\/\/destaquevagasmais.com.br\/pt\/wp-json\/wp\/v2\/posts"}],"about":[{"href":"https:\/\/destaquevagasmais.com.br\/pt\/wp-json\/wp\/v2\/types\/post"}],"author":[{"embeddable":true,"href":"https:\/\/destaquevagasmais.com.br\/pt\/wp-json\/wp\/v2\/users\/3"}],"replies":[{"embeddable":true,"href":"https:\/\/destaquevagasmais.com.br\/pt\/wp-json\/wp\/v2\/comments?post=2494"}],"version-history":[{"count":1,"href":"https:\/\/destaquevagasmais.com.br\/pt\/wp-json\/wp\/v2\/posts\/2494\/revisions"}],"predecessor-version":[{"id":2504,"href":"https:\/\/destaquevagasmais.com.br\/pt\/wp-json\/wp\/v2\/posts\/2494\/revisions\/2504"}],"wp:attachment":[{"href":"https:\/\/destaquevagasmais.com.br\/pt\/wp-json\/wp\/v2\/media?parent=2494"}],"wp:term":[{"taxonomy":"category","embeddable":true,"href":"https:\/\/destaquevagasmais.com.br\/pt\/wp-json\/wp\/v2\/categories?post=2494"},{"taxonomy":"post_tag","embeddable":true,"href":"https:\/\/destaquevagasmais.com.br\/pt\/wp-json\/wp\/v2\/tags?post=2494"}],"curies":[{"name":"wp","href":"https:\/\/api.w.org\/{rel}","templated":true}]}}