{"id":1958,"date":"2025-12-03T04:43:00","date_gmt":"2025-12-03T04:43:00","guid":{"rendered":"https:\/\/destaquevagasmais.com.br\/909ecf3e-64dd-40a5-8016-f5e43e96f542\/"},"modified":"2025-12-03T04:43:38","modified_gmt":"2025-12-03T04:43:38","slug":"909ecf3e-64dd-40a5-8016-f5e43e96f542","status":"publish","type":"post","link":"https:\/\/destaquevagasmais.com.br\/pt\/909ecf3e-64dd-40a5-8016-f5e43e96f542\/","title":{"rendered":"Gerente de Frutas e Verduras: Oportunidade de Lideran\u00e7a no Varejo com Sal\u00e1rio Compat\u00edvel com o Mercado"},"content":{"rendered":"<div class=\"mx-5 sm:mx-0 prose text-left mb-5\">\n<\/p>\n<div style=\"background: #ffffff; border-radius: 12px; box-shadow: 0 10px 30px rgba(0, 0, 0, 0.1); width: 100%; max-width: 340px; padding: 25px; transition: transform 0.3s ease-in-out; overflow: visible; display: flex; flex-direction: column; position: relative; border: 1px solid #28a745; margin-top: 70px; margin-bottom: 50px; margin-left: auto; margin-right: auto;\">\n<div style=\"position: absolute; top: -35px; right: 15px; color: #28a745; padding: 5px 10px; border-radius: 6px; font-size: 14px; font-weight: bold; display: flex; align-items: center; z-index: 10;\">Recomendado para voc\u00ea<\/div>\n<div data-namespace-header=\"\" style=\"\">\n<h3 data-namespace-title=\"\" style=\"color: #333; font-size: 20px; font-weight: bold; text-align: left; margin-right: 50px; min-height: 50px; margin-top: 0px;\">Gerente de Frutas e Verduras<\/h3>\n<\/p><\/div>\n<p data-namespace-prompt=\"\" style=\"font-size: 16px; color: #666; margin-bottom: 20px; line-height: 1.5; flex-grow: 1; text-align: left; margin-top: 0px;\">Liderar uma equipe de produtos frescos, gerenciar opera\u00e7\u00f5es e consultas de clientes, atingir as metas do departamento, com sal\u00e1rio compat\u00edvel com o mercado. Requer-se no m\u00ednimo 12 anos de experi\u00eancia.<\/p>\n<p>    <a data-namespace-url=\"\" href=\"https:\/\/destaquevagasmais.com.br\/pt\/redirect\/?https:\/\/www.careers-page.com\/surgo-pty-ltd\/job\/QW975XX6?utm_campaign=google_jobs_apply&#038;utm_source=google_jobs_apply&#038;utm_medium=organic\" style=\"width: 100%; display: inline-block; color: white; text-decoration: none; border-radius: 6px; font-size: 16px; font-weight: bold; text-align: center; transition: transform 0.3s ease, background 0.3s ease; margin-top: auto;\" data-namespace-id=\"5c0d2565-3ba9-4280-a382-ad2a691e2285\"><br \/>\n        <button style=\"width: 100%; height: 55px; background: #e9e9ed; border: 1px solid black; color: black;\">Candidate-se agora<\/button><br \/>\n    <\/a><br \/>\n    <small style=\"margin-top: 10px; color: #777; font-size: 12px; text-align: center; display: block;\">Voc\u00ea ser\u00e1 redirecionado para outro site<\/small>\n<\/div>\n<p>Se voc\u00ea tem experi\u00eancia no varejo e busca se destacar em uma fun\u00e7\u00e3o de gest\u00e3o, esta vaga de Gerente de Frutas e Verduras \u00e9 uma oportunidade gratificante. A loja oferece sal\u00e1rio compat\u00edvel com o mercado e exige disponibilidade para trabalhar em turnos, sendo ideal para quem busca um ambiente de trabalho din\u00e2mico. O empregador \u00e9 reconhecido por seus valores s\u00f3lidos, priorizando a integridade dos funcion\u00e1rios e o atendimento ao cliente.<\/p>\n<h2>Principais responsabilidades e opera\u00e7\u00f5es di\u00e1rias<\/h2>\n<p>Nesta fun\u00e7\u00e3o, voc\u00ea estar\u00e1 \u00e0 frente do departamento de Frutas e Verduras, garantindo o bom funcionamento das opera\u00e7\u00f5es di\u00e1rias, a gest\u00e3o do estoque e um atendimento ao cliente excepcional. Voc\u00ea supervisionar\u00e1 o recebimento, o corte e a exposi\u00e7\u00e3o de produtos frescos, coordenando o controle de desperd\u00edcio e a rentabilidade do departamento. Suas responsabilidades tamb\u00e9m incluem o recrutamento de funcion\u00e1rios, o planejamento de hor\u00e1rios e as avalia\u00e7\u00f5es de desempenho cont\u00ednuas, sempre seguindo as pol\u00edticas da empresa que garantem qualidade e seguran\u00e7a. Trabalhando em estreita colabora\u00e7\u00e3o com a ger\u00eancia da loja, voc\u00ea tamb\u00e9m planejar\u00e1 atividades promocionais envolventes para impulsionar a visibilidade e o desempenho do departamento.<\/p>\n<h2>Vantagens do Cargo<\/h2>\n<p>Esta fun\u00e7\u00e3o oferece um ambiente est\u00e1vel em um grupo varejista consolidado, com a oportunidade de aprimorar habilidades de lideran\u00e7a em um ambiente din\u00e2mico e focado em pessoas. O contato di\u00e1rio com clientes e membros da equipe permite o desenvolvimento de conex\u00f5es profissionais significativas. Outra vantagem not\u00e1vel \u00e9 o foco na manuten\u00e7\u00e3o de altos padr\u00f5es e na promo\u00e7\u00e3o do crescimento interno, proporcionando a voc\u00ea a possibilidade de progredir e desenvolver suas habilidades ao longo do tempo.<\/p>\n<h2>Poss\u00edveis desvantagens a considerar<\/h2>\n<p>Esta fun\u00e7\u00e3o exige experi\u00eancia \u2014 doze anos em um departamento similar e v\u00e1rios anos no setor varejista. O hor\u00e1rio de trabalho em turnos pode n\u00e3o ser compat\u00edvel com o estilo de vida de todos, principalmente por abranger de segunda a domingo. Al\u00e9m disso, lidar com reclama\u00e7\u00f5es de clientes e manter padr\u00f5es operacionais rigorosos significa priorizar paci\u00eancia e aten\u00e7\u00e3o aos detalhes. Esses fatores podem exigir consider\u00e1vel comprometimento e adaptabilidade a longo prazo.<\/p>\n<h2>Veredicto final<\/h2>\n<p>Com remunera\u00e7\u00e3o compat\u00edvel com o mercado e estrutura operacional consolidada, esta vaga de Gerente de Frutas e Verduras \u00e9 ideal para profissionais experientes que buscam crescimento gerencial em uma empresa inclusiva e focada no cliente. Desde que voc\u00ea atenda aos requisitos, \u00e9 um passo s\u00f3lido na carreira de gest\u00e3o de varejo para aqueles motivados por responsabilidade e variedade di\u00e1ria.<\/p>\n<div style=\"background: #ffffff; border-radius: 12px; box-shadow: 0 10px 30px rgba(0, 0, 0, 0.1); width: 100%; max-width: 340px; padding: 25px; transition: transform 0.3s ease-in-out; overflow: visible; display: flex; flex-direction: column; position: relative; border: 1px solid #28a745; margin-top: 70px; margin-bottom: 50px; margin-left: auto; margin-right: auto;\">\n<div style=\"position: absolute; top: -35px; right: 15px; color: #28a745; padding: 5px 10px; border-radius: 6px; font-size: 14px; font-weight: bold; display: flex; align-items: center; z-index: 10;\">Recomendado para voc\u00ea<\/div>\n<div data-namespace-header=\"\" style=\"\">\n<h3 data-namespace-title=\"\" style=\"color: #333; font-size: 20px; font-weight: bold; text-align: left; margin-right: 50px; min-height: 50px; margin-top: 0px;\">Gerente de Frutas e Verduras<\/h3>\n<\/p><\/div>\n<p data-namespace-prompt=\"\" style=\"font-size: 16px; color: #666; margin-bottom: 20px; line-height: 1.5; flex-grow: 1; text-align: left; margin-top: 0px;\">Liderar uma equipe de produtos frescos, gerenciar opera\u00e7\u00f5es e consultas de clientes, atingir as metas do departamento, com sal\u00e1rio compat\u00edvel com o mercado. Requer-se no m\u00ednimo 12 anos de experi\u00eancia.<\/p>\n<p>    <a data-namespace-url=\"\" href=\"https:\/\/destaquevagasmais.com.br\/pt\/redirect\/?https:\/\/www.careers-page.com\/surgo-pty-ltd\/job\/QW975XX6?utm_campaign=google_jobs_apply&#038;utm_source=google_jobs_apply&#038;utm_medium=organic\" style=\"width: 100%; display: inline-block; color: white; text-decoration: none; border-radius: 6px; font-size: 16px; font-weight: bold; text-align: center; transition: transform 0.3s ease, background 0.3s ease; margin-top: auto;\" data-namespace-id=\"5c0d2565-3ba9-4280-a382-ad2a691e2285\"><br \/>\n        <button style=\"width: 100%; height: 55px; background: #e9e9ed; border: 1px solid black; color: black;\">Candidate-se agora<\/button><br \/>\n    <\/a><br \/>\n    <small style=\"margin-top: 10px; color: #777; font-size: 12px; text-align: center; display: block;\">Voc\u00ea ser\u00e1 redirecionado para outro site<\/small>\n<\/div>\n<\/div>","protected":false},"excerpt":{"rendered":"<p>Exciting Fruit and Veg Manager job! Lead a team and drive fresh produce success in a respected retail group. Market-related pay &#038; chance to grow. Apply now if you have 12+ years\u2019 experience!<\/p>","protected":false},"author":3,"featured_media":0,"comment_status":"open","ping_status":"open","sticky":false,"template":"","format":"standard","meta":{"footnotes":""},"categories":[3],"tags":[],"yoast_head":"<!-- This site is optimized with the Yoast SEO plugin v23.3 - https:\/\/yoast.com\/wordpress\/plugins\/seo\/ -->\n<title>Fruit and Veg Manager: Leadership Opportunity in Retail with Market-Related Salary - Destaque Vagas Mais<\/title>\n<meta name=\"robots\" content=\"index, follow, max-snippet:-1, max-image-preview:large, max-video-preview:-1\" \/>\n<link rel=\"canonical\" href=\"https:\/\/destaquevagasmais.com.br\/pt\/909ecf3e-64dd-40a5-8016-f5e43e96f542\/\" \/>\n<meta property=\"og:locale\" content=\"pt_BR\" \/>\n<meta property=\"og:type\" content=\"article\" \/>\n<meta property=\"og:title\" content=\"Fruit and Veg Manager: Leadership Opportunity in Retail with Market-Related Salary - Destaque Vagas Mais\" \/>\n<meta property=\"og:description\" content=\"Exciting Fruit and Veg Manager job! Lead a team and drive fresh produce success in a respected retail group. Market-related pay &amp; chance to grow. Apply now if you have 12+ years\u2019 experience!\" \/>\n<meta property=\"og:url\" content=\"https:\/\/destaquevagasmais.com.br\/pt\/909ecf3e-64dd-40a5-8016-f5e43e96f542\/\" \/>\n<meta property=\"og:site_name\" content=\"Destaque Vagas Mais\" \/>\n<meta property=\"article:published_time\" content=\"2025-12-03T04:43:00+00:00\" \/>\n<meta property=\"article:modified_time\" content=\"2025-12-03T04:43:38+00:00\" \/>\n<meta name=\"author\" content=\"Bruno Gianni\" \/>\n<meta name=\"twitter:card\" content=\"summary_large_image\" \/>\n<meta name=\"twitter:label1\" content=\"Written by\" \/>\n\t<meta name=\"twitter:data1\" content=\"Bruno Gianni\" \/>\n\t<meta name=\"twitter:label2\" content=\"Est. reading time\" \/>\n\t<meta name=\"twitter:data2\" content=\"2 minutos\" \/>\n<script type=\"application\/ld+json\" class=\"yoast-schema-graph\">{\"@context\":\"https:\/\/schema.org\",\"@graph\":[{\"@type\":\"WebPage\",\"@id\":\"https:\/\/destaquevagasmais.com.br\/909ecf3e-64dd-40a5-8016-f5e43e96f542\/\",\"url\":\"https:\/\/destaquevagasmais.com.br\/909ecf3e-64dd-40a5-8016-f5e43e96f542\/\",\"name\":\"Fruit and Veg Manager: Leadership Opportunity in Retail with Market-Related Salary - Destaque Vagas Mais\",\"isPartOf\":{\"@id\":\"https:\/\/destaquevagasmais.com.br\/#website\"},\"datePublished\":\"2025-12-03T04:43:00+00:00\",\"dateModified\":\"2025-12-03T04:43:38+00:00\",\"author\":{\"@id\":\"https:\/\/destaquevagasmais.com.br\/#\/schema\/person\/d52888235fd6563bd07d97185d6a61e4\"},\"breadcrumb\":{\"@id\":\"https:\/\/destaquevagasmais.com.br\/909ecf3e-64dd-40a5-8016-f5e43e96f542\/#breadcrumb\"},\"inLanguage\":\"pt-BR\",\"potentialAction\":[{\"@type\":\"ReadAction\",\"target\":[\"https:\/\/destaquevagasmais.com.br\/909ecf3e-64dd-40a5-8016-f5e43e96f542\/\"]}]},{\"@type\":\"BreadcrumbList\",\"@id\":\"https:\/\/destaquevagasmais.com.br\/909ecf3e-64dd-40a5-8016-f5e43e96f542\/#breadcrumb\",\"itemListElement\":[{\"@type\":\"ListItem\",\"position\":1,\"name\":\"Home\",\"item\":\"https:\/\/destaquevagasmais.com.br\/\"},{\"@type\":\"ListItem\",\"position\":2,\"name\":\"Fruit and Veg Manager: Leadership Opportunity in Retail with Market-Related Salary\"}]},{\"@type\":\"WebSite\",\"@id\":\"https:\/\/destaquevagasmais.com.br\/#website\",\"url\":\"https:\/\/destaquevagasmais.com.br\/\",\"name\":\"Destaque Vagas Mais\",\"description\":\"\",\"potentialAction\":[{\"@type\":\"SearchAction\",\"target\":{\"@type\":\"EntryPoint\",\"urlTemplate\":\"https:\/\/destaquevagasmais.com.br\/?s={search_term_string}\"},\"query-input\":\"required name=search_term_string\"}],\"inLanguage\":\"pt-BR\"},{\"@type\":\"Person\",\"@id\":\"https:\/\/destaquevagasmais.com.br\/#\/schema\/person\/d52888235fd6563bd07d97185d6a61e4\",\"name\":\"Bruno Gianni\",\"image\":{\"@type\":\"ImageObject\",\"inLanguage\":\"pt-BR\",\"@id\":\"https:\/\/destaquevagasmais.com.br\/#\/schema\/person\/image\/\",\"url\":\"https:\/\/secure.gravatar.com\/avatar\/0f5d42d7bf77874643c1478932860e3f?s=96&d=mm&r=g\",\"contentUrl\":\"https:\/\/secure.gravatar.com\/avatar\/0f5d42d7bf77874643c1478932860e3f?s=96&d=mm&r=g\",\"caption\":\"Bruno Gianni\"},\"description\":\"Bruno writes the way he lives, with curiosity, care, and respect for people. He likes to observe, listen, and try to understand what is happening on the other side before putting any words on the page.For him, writing is not about impressing, but about getting closer. It is about turning thoughts into something simple, clear, and real. Every text is an ongoing conversation, created with care and honesty, with the sincere intention of touching someone, somewhere along the way.\",\"url\":\"https:\/\/destaquevagasmais.com.br\/pt\/author\/bcgianni\/\"}]}<\/script>\n<!-- \/ Yoast SEO plugin. -->","yoast_head_json":{"title":"Fruit and Veg Manager: Leadership Opportunity in Retail with Market-Related Salary - Destaque Vagas Mais","robots":{"index":"index","follow":"follow","max-snippet":"max-snippet:-1","max-image-preview":"max-image-preview:large","max-video-preview":"max-video-preview:-1"},"canonical":"https:\/\/destaquevagasmais.com.br\/pt\/909ecf3e-64dd-40a5-8016-f5e43e96f542\/","og_locale":"pt_BR","og_type":"article","og_title":"Fruit and Veg Manager: Leadership Opportunity in Retail with Market-Related Salary - Destaque Vagas Mais","og_description":"Exciting Fruit and Veg Manager job! Lead a team and drive fresh produce success in a respected retail group. Market-related pay & chance to grow. Apply now if you have 12+ years\u2019 experience!","og_url":"https:\/\/destaquevagasmais.com.br\/pt\/909ecf3e-64dd-40a5-8016-f5e43e96f542\/","og_site_name":"Destaque Vagas Mais","article_published_time":"2025-12-03T04:43:00+00:00","article_modified_time":"2025-12-03T04:43:38+00:00","author":"Bruno Gianni","twitter_card":"summary_large_image","twitter_misc":{"Written by":"Bruno Gianni","Est. reading time":"2 minutos"},"schema":{"@context":"https:\/\/schema.org","@graph":[{"@type":"WebPage","@id":"https:\/\/destaquevagasmais.com.br\/909ecf3e-64dd-40a5-8016-f5e43e96f542\/","url":"https:\/\/destaquevagasmais.com.br\/909ecf3e-64dd-40a5-8016-f5e43e96f542\/","name":"Fruit and Veg Manager: Leadership Opportunity in Retail with Market-Related Salary - Destaque Vagas Mais","isPartOf":{"@id":"https:\/\/destaquevagasmais.com.br\/#website"},"datePublished":"2025-12-03T04:43:00+00:00","dateModified":"2025-12-03T04:43:38+00:00","author":{"@id":"https:\/\/destaquevagasmais.com.br\/#\/schema\/person\/d52888235fd6563bd07d97185d6a61e4"},"breadcrumb":{"@id":"https:\/\/destaquevagasmais.com.br\/909ecf3e-64dd-40a5-8016-f5e43e96f542\/#breadcrumb"},"inLanguage":"pt-BR","potentialAction":[{"@type":"ReadAction","target":["https:\/\/destaquevagasmais.com.br\/909ecf3e-64dd-40a5-8016-f5e43e96f542\/"]}]},{"@type":"BreadcrumbList","@id":"https:\/\/destaquevagasmais.com.br\/909ecf3e-64dd-40a5-8016-f5e43e96f542\/#breadcrumb","itemListElement":[{"@type":"ListItem","position":1,"name":"Home","item":"https:\/\/destaquevagasmais.com.br\/"},{"@type":"ListItem","position":2,"name":"Fruit and Veg Manager: Leadership Opportunity in Retail with Market-Related Salary"}]},{"@type":"WebSite","@id":"https:\/\/destaquevagasmais.com.br\/#website","url":"https:\/\/destaquevagasmais.com.br\/","name":"Destaque Vagas Mais","description":"","potentialAction":[{"@type":"SearchAction","target":{"@type":"EntryPoint","urlTemplate":"https:\/\/destaquevagasmais.com.br\/?s={search_term_string}"},"query-input":"required name=search_term_string"}],"inLanguage":"pt-BR"},{"@type":"Person","@id":"https:\/\/destaquevagasmais.com.br\/#\/schema\/person\/d52888235fd6563bd07d97185d6a61e4","name":"Bruno Gianni","image":{"@type":"ImageObject","inLanguage":"pt-BR","@id":"https:\/\/destaquevagasmais.com.br\/#\/schema\/person\/image\/","url":"https:\/\/secure.gravatar.com\/avatar\/0f5d42d7bf77874643c1478932860e3f?s=96&d=mm&r=g","contentUrl":"https:\/\/secure.gravatar.com\/avatar\/0f5d42d7bf77874643c1478932860e3f?s=96&d=mm&r=g","caption":"Bruno Gianni"},"description":"Bruno writes the way he lives, with curiosity, care, and respect for people. He likes to observe, listen, and try to understand what is happening on the other side before putting any words on the page.For him, writing is not about impressing, but about getting closer. It is about turning thoughts into something simple, clear, and real. Every text is an ongoing conversation, created with care and honesty, with the sincere intention of touching someone, somewhere along the way.","url":"https:\/\/destaquevagasmais.com.br\/pt\/author\/bcgianni\/"}]}},"_links":{"self":[{"href":"https:\/\/destaquevagasmais.com.br\/pt\/wp-json\/wp\/v2\/posts\/1958"}],"collection":[{"href":"https:\/\/destaquevagasmais.com.br\/pt\/wp-json\/wp\/v2\/posts"}],"about":[{"href":"https:\/\/destaquevagasmais.com.br\/pt\/wp-json\/wp\/v2\/types\/post"}],"author":[{"embeddable":true,"href":"https:\/\/destaquevagasmais.com.br\/pt\/wp-json\/wp\/v2\/users\/3"}],"replies":[{"embeddable":true,"href":"https:\/\/destaquevagasmais.com.br\/pt\/wp-json\/wp\/v2\/comments?post=1958"}],"version-history":[{"count":1,"href":"https:\/\/destaquevagasmais.com.br\/pt\/wp-json\/wp\/v2\/posts\/1958\/revisions"}],"predecessor-version":[{"id":1963,"href":"https:\/\/destaquevagasmais.com.br\/pt\/wp-json\/wp\/v2\/posts\/1958\/revisions\/1963"}],"wp:attachment":[{"href":"https:\/\/destaquevagasmais.com.br\/pt\/wp-json\/wp\/v2\/media?parent=1958"}],"wp:term":[{"taxonomy":"category","embeddable":true,"href":"https:\/\/destaquevagasmais.com.br\/pt\/wp-json\/wp\/v2\/categories?post=1958"},{"taxonomy":"post_tag","embeddable":true,"href":"https:\/\/destaquevagasmais.com.br\/pt\/wp-json\/wp\/v2\/tags?post=1958"}],"curies":[{"name":"wp","href":"https:\/\/api.w.org\/{rel}","templated":true}]}}