{"id":1546,"date":"2025-12-02T10:15:00","date_gmt":"2025-12-02T10:15:00","guid":{"rendered":"https:\/\/destaquevagasmais.com.br\/982f8591-7c6f-41c3-b41e-b1825b87eab8\/"},"modified":"2025-12-02T10:15:12","modified_gmt":"2025-12-02T10:15:12","slug":"982f8591-7c6f-41c3-b41e-b1825b87eab8","status":"publish","type":"post","link":"https:\/\/destaquevagasmais.com.br\/pt\/982f8591-7c6f-41c3-b41e-b1825b87eab8\/","title":{"rendered":"Gerente de Supermercado: Lideran\u00e7a em Varejo em Tempo Integral com Potencial de Crescimento"},"content":{"rendered":"<div class=\"mx-5 sm:mx-0 prose text-left mb-5\">\n<\/p>\n<div style=\"background: #ffffff; border-radius: 12px; box-shadow: 0 10px 30px rgba(0, 0, 0, 0.1); width: 100%; max-width: 340px; padding: 25px; transition: transform 0.3s ease-in-out; overflow: visible; display: flex; flex-direction: column; position: relative; border: 1px solid #28a745; margin-top: 70px; margin-bottom: 50px; margin-left: auto; margin-right: auto;\">\n<div style=\"position: absolute; top: -35px; right: 15px; color: #28a745; padding: 5px 10px; border-radius: 6px; font-size: 14px; font-weight: bold; display: flex; align-items: center; z-index: 10;\">Recomendado para voc\u00ea<\/div>\n<div data-namespace-header=\"\" style=\"\">\n<h3 data-namespace-title=\"\" style=\"color: #333; font-size: 20px; font-weight: bold; text-align: left; margin-right: 50px; min-height: 50px; margin-top: 0px;\">Gerente de Mercearia<\/h3>\n<\/p><\/div>\n<p data-namespace-prompt=\"\" style=\"font-size: 16px; color: #666; margin-bottom: 20px; line-height: 1.5; flex-grow: 1; text-align: left; margin-top: 0px;\">Lidere uma equipe de vendas, seja respons\u00e1vel por compras, controle de estoque e aplica\u00e7\u00e3o de medidas disciplinares em uma loja renomada. Vaga em tempo integral. Requer-se 5 anos de experi\u00eancia em supermercados e varejo. \u00d3tima oportunidade de crescimento profissional.<\/p>\n<p>    <a data-namespace-url=\"\" href=\"https:\/\/destaquevagasmais.com.br\/pt\/redirect\/?https:\/\/za.trabajo.org\/job-3413-5888a1776ac2fff72686e92f79d99d1c?utm_campaign=google_jobs_apply&#038;utm_source=google_jobs_apply&#038;utm_medium=organic\" style=\"width: 100%; display: inline-block; color: white; text-decoration: none; border-radius: 6px; font-size: 16px; font-weight: bold; text-align: center; transition: transform 0.3s ease, background 0.3s ease; margin-top: auto;\" data-namespace-id=\"5c0d2565-3ba9-4280-a382-ad2a691e2285\"><br \/>\n        <button style=\"width: 100%; height: 55px; background: #e9e9ed; border: 1px solid black; color: black;\">Candidate-se agora<\/button><br \/>\n    <\/a><br \/>\n    <small style=\"margin-top: 10px; color: #777; font-size: 12px; text-align: center; display: block;\">Voc\u00ea ser\u00e1 redirecionado para outro site<\/small>\n<\/div>\n<h2>Em resumo<\/h2>\n<p>O cargo de Gerente de Mercearia \u00e9 permanente, em tempo integral, oferecendo estabilidade e a oportunidade de liderar uma equipe em um ambiente de varejo din\u00e2mico. A gest\u00e3o das atividades di\u00e1rias do departamento \u00e9 essencial, assim como a compra de mercadorias e a realiza\u00e7\u00e3o de reuni\u00f5es com a equipe. Os candidatos devem ter conclu\u00eddo o Ensino M\u00e9dio e possuir, no m\u00ednimo, cinco anos de experi\u00eancia em gest\u00e3o de varejo e mercearia.<\/p>\n<p>Detalhes sobre o sal\u00e1rio n\u00e3o foram divulgados, mas cargos em tempo integral como este geralmente oferecem remunera\u00e7\u00e3o e benef\u00edcios competitivos. A vaga promete tanto responsabilidade de lideran\u00e7a quanto oportunidades de crescimento futuro no setor varejista.<\/p>\n<p>A fun\u00e7\u00e3o exige controle proativo de estoque, coordena\u00e7\u00e3o com os respons\u00e1veis pela comercializa\u00e7\u00e3o e supervis\u00e3o dos processos de recebimento e armazenamento. Manter a efici\u00eancia e a organiza\u00e7\u00e3o \u00e9 uma expectativa di\u00e1ria, proporcionando um dia de trabalho gratificante e din\u00e2mico.<\/p>\n<h2>Responsabilidades t\u00edpicas do dia a dia<\/h2>\n<p>O Gerente de Mercearia supervisiona o estoque de produtos n\u00e3o perec\u00edveis em todos os momentos, garantindo que o departamento funcione de forma eficiente, gerenciando pedidos e compras sempre que necess\u00e1rio.<\/p>\n<p>Outra tarefa crucial \u00e9 orientar a equipe de merchandising para que cada item seja embalado corretamente e que a loja permane\u00e7a convidativa e organizada. Isso inclui apoiar e refor\u00e7ar a disciplina e a motiva\u00e7\u00e3o da equipe.<\/p>\n<p>Trabalhando em estreita colabora\u00e7\u00e3o com fornecedores e equipes de recebimento, o gerente coordena entregas e armazenamento, garantindo um departamento bem abastecido e funcionando sem problemas ao longo do dia.<\/p>\n<p>Cumprir prazos de entrega, lidar com problemas de estoque e aprimorar processos operacionais s\u00e3o partes essenciais da rotina. Reuni\u00f5es de equipe s\u00e3o realizadas frequentemente para manter a comunica\u00e7\u00e3o e o trabalho em equipe.<\/p>\n<p>Espera-se tamb\u00e9m que os gerentes pensem r\u00e1pido e respondam prontamente a problemas de estoque ou de pessoal, garantindo o bom funcionamento das opera\u00e7\u00f5es di\u00e1rias.<\/p>\n<h2>Benef\u00edcios e vantagens<\/h2>\n<p>Esta posi\u00e7\u00e3o \u00e9 ideal para profissionais experientes do varejo que buscam crescimento na carreira. Voc\u00ea desenvolver\u00e1 habilidades de lideran\u00e7a, organiza\u00e7\u00e3o e opera\u00e7\u00e3o, tudo isso em um ambiente din\u00e2mico de varejo.<\/p>\n<p>O emprego permanente oferece seguran\u00e7a no trabalho. Al\u00e9m disso, os funcion\u00e1rios geralmente desfrutam de um ambiente de equipe colaborativo, com oportunidades de reconhecimento e promo\u00e7\u00e3o interna.<\/p>\n<h2>Poss\u00edveis desvantagens<\/h2>\n<p>A fun\u00e7\u00e3o \u00e9 exigente, frequentemente envolvendo longas horas em p\u00e9 e a necessidade de responder rapidamente a desafios inesperados no ambiente da loja.<\/p>\n<p>Tamb\u00e9m exige cinco anos de experi\u00eancia, o que pode limitar as oportunidades para quem \u00e9 novo na \u00e1rea. H\u00e1 grandes expectativas tanto em rela\u00e7\u00e3o \u00e0 efici\u00eancia quanto \u00e0s habilidades interpessoais.<\/p>\n<h2>Considera\u00e7\u00f5es finais<\/h2>\n<p>O cargo de Gerente de Supermercado \u00e9 ideal para profissionais experientes do varejo que buscam novos desafios. Oferece experi\u00eancia valiosa, oportunidades de lideran\u00e7a e estabilidade no emprego. Embora exigente, o potencial de crescimento e a s\u00f3lida experi\u00eancia no setor fazem dele uma escolha gratificante para o candidato certo.<\/p>\n<div style=\"background: #ffffff; border-radius: 12px; box-shadow: 0 10px 30px rgba(0, 0, 0, 0.1); width: 100%; max-width: 340px; padding: 25px; transition: transform 0.3s ease-in-out; overflow: visible; display: flex; flex-direction: column; position: relative; border: 1px solid #28a745; margin-top: 70px; margin-bottom: 50px; margin-left: auto; margin-right: auto;\">\n<div style=\"position: absolute; top: -35px; right: 15px; color: #28a745; padding: 5px 10px; border-radius: 6px; font-size: 14px; font-weight: bold; display: flex; align-items: center; z-index: 10;\">Recomendado para voc\u00ea<\/div>\n<div data-namespace-header=\"\" style=\"\">\n<h3 data-namespace-title=\"\" style=\"color: #333; font-size: 20px; font-weight: bold; text-align: left; margin-right: 50px; min-height: 50px; margin-top: 0px;\">Gerente de Mercearia<\/h3>\n<\/p><\/div>\n<p data-namespace-prompt=\"\" style=\"font-size: 16px; color: #666; margin-bottom: 20px; line-height: 1.5; flex-grow: 1; text-align: left; margin-top: 0px;\">Lidere uma equipe de vendas, seja respons\u00e1vel por compras, controle de estoque e aplica\u00e7\u00e3o de medidas disciplinares em uma loja renomada. Vaga em tempo integral. Requer-se 5 anos de experi\u00eancia em supermercados e varejo. \u00d3tima oportunidade de crescimento profissional.<\/p>\n<p>    <a data-namespace-url=\"\" href=\"https:\/\/destaquevagasmais.com.br\/pt\/redirect\/?https:\/\/za.trabajo.org\/job-3413-5888a1776ac2fff72686e92f79d99d1c?utm_campaign=google_jobs_apply&#038;utm_source=google_jobs_apply&#038;utm_medium=organic\" style=\"width: 100%; display: inline-block; color: white; text-decoration: none; border-radius: 6px; font-size: 16px; font-weight: bold; text-align: center; transition: transform 0.3s ease, background 0.3s ease; margin-top: auto;\" data-namespace-id=\"5c0d2565-3ba9-4280-a382-ad2a691e2285\"><br \/>\n        <button style=\"width: 100%; height: 55px; background: #e9e9ed; border: 1px solid black; color: black;\">Candidate-se agora<\/button><br \/>\n    <\/a><br \/>\n    <small style=\"margin-top: 10px; color: #777; font-size: 12px; text-align: center; display: block;\">Voc\u00ea ser\u00e1 redirecionado para outro site<\/small>\n<\/div>\n<\/div>","protected":false},"excerpt":{"rendered":"<p>An\u00e1lise da oferta de emprego para Gerente de Supermercado, revelando as expectativas do cargo, pr\u00f3s, contras e por que profissionais experientes do varejo devem considerar essa carreira de lideran\u00e7a em tempo integral.<\/p>","protected":false},"author":3,"featured_media":0,"comment_status":"open","ping_status":"open","sticky":false,"template":"","format":"standard","meta":{"footnotes":""},"categories":[3],"tags":[],"yoast_head":"<!-- This site is optimized with the Yoast SEO plugin v23.3 - https:\/\/yoast.com\/wordpress\/plugins\/seo\/ -->\n<title>Grocery Manager: Full-Time Retail Leadership with Growth Potential - Destaque Vagas Mais<\/title>\n<meta name=\"robots\" content=\"index, follow, max-snippet:-1, max-image-preview:large, max-video-preview:-1\" \/>\n<link rel=\"canonical\" href=\"https:\/\/destaquevagasmais.com.br\/pt\/982f8591-7c6f-41c3-b41e-b1825b87eab8\/\" \/>\n<meta property=\"og:locale\" content=\"pt_BR\" \/>\n<meta property=\"og:type\" content=\"article\" \/>\n<meta property=\"og:title\" content=\"Grocery Manager: Full-Time Retail Leadership with Growth Potential - Destaque Vagas Mais\" \/>\n<meta property=\"og:description\" content=\"Review of the Grocery Manager job offer, uncovering job expectations, pros, cons and why experienced retail professionals should consider this full-time leadership career path.\" \/>\n<meta property=\"og:url\" content=\"https:\/\/destaquevagasmais.com.br\/pt\/982f8591-7c6f-41c3-b41e-b1825b87eab8\/\" \/>\n<meta property=\"og:site_name\" content=\"Destaque Vagas Mais\" \/>\n<meta property=\"article:published_time\" content=\"2025-12-02T10:15:00+00:00\" \/>\n<meta property=\"article:modified_time\" content=\"2025-12-02T10:15:12+00:00\" \/>\n<meta name=\"author\" content=\"Bruno Gianni\" \/>\n<meta name=\"twitter:card\" content=\"summary_large_image\" \/>\n<meta name=\"twitter:label1\" content=\"Written by\" \/>\n\t<meta name=\"twitter:data1\" content=\"Bruno Gianni\" \/>\n\t<meta name=\"twitter:label2\" content=\"Est. reading time\" \/>\n\t<meta name=\"twitter:data2\" content=\"2 minutos\" \/>\n<script type=\"application\/ld+json\" class=\"yoast-schema-graph\">{\"@context\":\"https:\/\/schema.org\",\"@graph\":[{\"@type\":\"WebPage\",\"@id\":\"https:\/\/destaquevagasmais.com.br\/982f8591-7c6f-41c3-b41e-b1825b87eab8\/\",\"url\":\"https:\/\/destaquevagasmais.com.br\/982f8591-7c6f-41c3-b41e-b1825b87eab8\/\",\"name\":\"Grocery Manager: Full-Time Retail Leadership with Growth Potential - Destaque Vagas Mais\",\"isPartOf\":{\"@id\":\"https:\/\/destaquevagasmais.com.br\/#website\"},\"datePublished\":\"2025-12-02T10:15:00+00:00\",\"dateModified\":\"2025-12-02T10:15:12+00:00\",\"author\":{\"@id\":\"https:\/\/destaquevagasmais.com.br\/#\/schema\/person\/d52888235fd6563bd07d97185d6a61e4\"},\"breadcrumb\":{\"@id\":\"https:\/\/destaquevagasmais.com.br\/982f8591-7c6f-41c3-b41e-b1825b87eab8\/#breadcrumb\"},\"inLanguage\":\"pt-BR\",\"potentialAction\":[{\"@type\":\"ReadAction\",\"target\":[\"https:\/\/destaquevagasmais.com.br\/982f8591-7c6f-41c3-b41e-b1825b87eab8\/\"]}]},{\"@type\":\"BreadcrumbList\",\"@id\":\"https:\/\/destaquevagasmais.com.br\/982f8591-7c6f-41c3-b41e-b1825b87eab8\/#breadcrumb\",\"itemListElement\":[{\"@type\":\"ListItem\",\"position\":1,\"name\":\"Home\",\"item\":\"https:\/\/destaquevagasmais.com.br\/\"},{\"@type\":\"ListItem\",\"position\":2,\"name\":\"Grocery Manager: Full-Time Retail Leadership with Growth Potential\"}]},{\"@type\":\"WebSite\",\"@id\":\"https:\/\/destaquevagasmais.com.br\/#website\",\"url\":\"https:\/\/destaquevagasmais.com.br\/\",\"name\":\"Destaque Vagas Mais\",\"description\":\"\",\"potentialAction\":[{\"@type\":\"SearchAction\",\"target\":{\"@type\":\"EntryPoint\",\"urlTemplate\":\"https:\/\/destaquevagasmais.com.br\/?s={search_term_string}\"},\"query-input\":\"required name=search_term_string\"}],\"inLanguage\":\"pt-BR\"},{\"@type\":\"Person\",\"@id\":\"https:\/\/destaquevagasmais.com.br\/#\/schema\/person\/d52888235fd6563bd07d97185d6a61e4\",\"name\":\"Bruno Gianni\",\"image\":{\"@type\":\"ImageObject\",\"inLanguage\":\"pt-BR\",\"@id\":\"https:\/\/destaquevagasmais.com.br\/#\/schema\/person\/image\/\",\"url\":\"https:\/\/secure.gravatar.com\/avatar\/0f5d42d7bf77874643c1478932860e3f?s=96&d=mm&r=g\",\"contentUrl\":\"https:\/\/secure.gravatar.com\/avatar\/0f5d42d7bf77874643c1478932860e3f?s=96&d=mm&r=g\",\"caption\":\"Bruno Gianni\"},\"description\":\"Bruno writes the way he lives, with curiosity, care, and respect for people. He likes to observe, listen, and try to understand what is happening on the other side before putting any words on the page.For him, writing is not about impressing, but about getting closer. It is about turning thoughts into something simple, clear, and real. Every text is an ongoing conversation, created with care and honesty, with the sincere intention of touching someone, somewhere along the way.\",\"url\":\"https:\/\/destaquevagasmais.com.br\/pt\/author\/bcgianni\/\"}]}<\/script>\n<!-- \/ Yoast SEO plugin. -->","yoast_head_json":{"title":"Grocery Manager: Full-Time Retail Leadership with Growth Potential - Destaque Vagas Mais","robots":{"index":"index","follow":"follow","max-snippet":"max-snippet:-1","max-image-preview":"max-image-preview:large","max-video-preview":"max-video-preview:-1"},"canonical":"https:\/\/destaquevagasmais.com.br\/pt\/982f8591-7c6f-41c3-b41e-b1825b87eab8\/","og_locale":"pt_BR","og_type":"article","og_title":"Grocery Manager: Full-Time Retail Leadership with Growth Potential - Destaque Vagas Mais","og_description":"Review of the Grocery Manager job offer, uncovering job expectations, pros, cons and why experienced retail professionals should consider this full-time leadership career path.","og_url":"https:\/\/destaquevagasmais.com.br\/pt\/982f8591-7c6f-41c3-b41e-b1825b87eab8\/","og_site_name":"Destaque Vagas Mais","article_published_time":"2025-12-02T10:15:00+00:00","article_modified_time":"2025-12-02T10:15:12+00:00","author":"Bruno Gianni","twitter_card":"summary_large_image","twitter_misc":{"Written by":"Bruno Gianni","Est. reading time":"2 minutos"},"schema":{"@context":"https:\/\/schema.org","@graph":[{"@type":"WebPage","@id":"https:\/\/destaquevagasmais.com.br\/982f8591-7c6f-41c3-b41e-b1825b87eab8\/","url":"https:\/\/destaquevagasmais.com.br\/982f8591-7c6f-41c3-b41e-b1825b87eab8\/","name":"Grocery Manager: Full-Time Retail Leadership with Growth Potential - Destaque Vagas Mais","isPartOf":{"@id":"https:\/\/destaquevagasmais.com.br\/#website"},"datePublished":"2025-12-02T10:15:00+00:00","dateModified":"2025-12-02T10:15:12+00:00","author":{"@id":"https:\/\/destaquevagasmais.com.br\/#\/schema\/person\/d52888235fd6563bd07d97185d6a61e4"},"breadcrumb":{"@id":"https:\/\/destaquevagasmais.com.br\/982f8591-7c6f-41c3-b41e-b1825b87eab8\/#breadcrumb"},"inLanguage":"pt-BR","potentialAction":[{"@type":"ReadAction","target":["https:\/\/destaquevagasmais.com.br\/982f8591-7c6f-41c3-b41e-b1825b87eab8\/"]}]},{"@type":"BreadcrumbList","@id":"https:\/\/destaquevagasmais.com.br\/982f8591-7c6f-41c3-b41e-b1825b87eab8\/#breadcrumb","itemListElement":[{"@type":"ListItem","position":1,"name":"Home","item":"https:\/\/destaquevagasmais.com.br\/"},{"@type":"ListItem","position":2,"name":"Grocery Manager: Full-Time Retail Leadership with Growth Potential"}]},{"@type":"WebSite","@id":"https:\/\/destaquevagasmais.com.br\/#website","url":"https:\/\/destaquevagasmais.com.br\/","name":"Destaque Vagas Mais","description":"","potentialAction":[{"@type":"SearchAction","target":{"@type":"EntryPoint","urlTemplate":"https:\/\/destaquevagasmais.com.br\/?s={search_term_string}"},"query-input":"required name=search_term_string"}],"inLanguage":"pt-BR"},{"@type":"Person","@id":"https:\/\/destaquevagasmais.com.br\/#\/schema\/person\/d52888235fd6563bd07d97185d6a61e4","name":"Bruno Gianni","image":{"@type":"ImageObject","inLanguage":"pt-BR","@id":"https:\/\/destaquevagasmais.com.br\/#\/schema\/person\/image\/","url":"https:\/\/secure.gravatar.com\/avatar\/0f5d42d7bf77874643c1478932860e3f?s=96&d=mm&r=g","contentUrl":"https:\/\/secure.gravatar.com\/avatar\/0f5d42d7bf77874643c1478932860e3f?s=96&d=mm&r=g","caption":"Bruno Gianni"},"description":"Bruno writes the way he lives, with curiosity, care, and respect for people. He likes to observe, listen, and try to understand what is happening on the other side before putting any words on the page.For him, writing is not about impressing, but about getting closer. It is about turning thoughts into something simple, clear, and real. Every text is an ongoing conversation, created with care and honesty, with the sincere intention of touching someone, somewhere along the way.","url":"https:\/\/destaquevagasmais.com.br\/pt\/author\/bcgianni\/"}]}},"_links":{"self":[{"href":"https:\/\/destaquevagasmais.com.br\/pt\/wp-json\/wp\/v2\/posts\/1546"}],"collection":[{"href":"https:\/\/destaquevagasmais.com.br\/pt\/wp-json\/wp\/v2\/posts"}],"about":[{"href":"https:\/\/destaquevagasmais.com.br\/pt\/wp-json\/wp\/v2\/types\/post"}],"author":[{"embeddable":true,"href":"https:\/\/destaquevagasmais.com.br\/pt\/wp-json\/wp\/v2\/users\/3"}],"replies":[{"embeddable":true,"href":"https:\/\/destaquevagasmais.com.br\/pt\/wp-json\/wp\/v2\/comments?post=1546"}],"version-history":[{"count":1,"href":"https:\/\/destaquevagasmais.com.br\/pt\/wp-json\/wp\/v2\/posts\/1546\/revisions"}],"predecessor-version":[{"id":1556,"href":"https:\/\/destaquevagasmais.com.br\/pt\/wp-json\/wp\/v2\/posts\/1546\/revisions\/1556"}],"wp:attachment":[{"href":"https:\/\/destaquevagasmais.com.br\/pt\/wp-json\/wp\/v2\/media?parent=1546"}],"wp:term":[{"taxonomy":"category","embeddable":true,"href":"https:\/\/destaquevagasmais.com.br\/pt\/wp-json\/wp\/v2\/categories?post=1546"},{"taxonomy":"post_tag","embeddable":true,"href":"https:\/\/destaquevagasmais.com.br\/pt\/wp-json\/wp\/v2\/tags?post=1546"}],"curies":[{"name":"wp","href":"https:\/\/api.w.org\/{rel}","templated":true}]}}