{"id":1112,"date":"2025-12-01T18:29:00","date_gmt":"2025-12-01T18:29:00","guid":{"rendered":"https:\/\/destaquevagasmais.com.br\/adc9542b-15e6-4e92-ae7a-17caaa8a488e\/"},"modified":"2025-12-01T18:29:55","modified_gmt":"2025-12-01T18:29:55","slug":"adc9542b-15e6-4e92-ae7a-17caaa8a488e","status":"publish","type":"post","link":"https:\/\/destaquevagasmais.com.br\/pt\/adc9542b-15e6-4e92-ae7a-17caaa8a488e\/","title":{"rendered":"Gerente de Frutas e Verduras de Supermercado \u2013 Cargo de Lideran\u00e7a com Sal\u00e1rio Compat\u00edvel com o Mercado"},"content":{"rendered":"<div class=\"mx-5 sm:mx-0 prose text-left mb-5\">\n<\/p>\n<div style=\"background: #ffffff; border-radius: 12px; box-shadow: 0 10px 30px rgba(0, 0, 0, 0.1); width: 100%; max-width: 340px; padding: 25px; transition: transform 0.3s ease-in-out; overflow: visible; display: flex; flex-direction: column; position: relative; border: 1px solid #28a745; margin-top: 70px; margin-bottom: 50px; margin-left: auto; margin-right: auto;\">\n<div style=\"position: absolute; top: -35px; right: 15px; color: #28a745; padding: 5px 10px; border-radius: 6px; font-size: 14px; font-weight: bold; display: flex; align-items: center; z-index: 10;\">Recomendado para voc\u00ea<\/div>\n<div data-namespace-header=\"\" style=\"\">\n<h3 data-namespace-title=\"\" style=\"color: #333; font-size: 20px; font-weight: bold; text-align: left; margin-right: 50px; min-height: 50px; margin-top: 0px;\">Gerente de Frutas e Verduras<\/h3>\n<\/p><\/div>\n<p data-namespace-prompt=\"\" style=\"font-size: 16px; color: #666; margin-bottom: 20px; line-height: 1.5; flex-grow: 1; text-align: left; margin-top: 0px;\">Supervisionar um departamento de frutas e verduras pr\u00f3spero, gerenciar pessoas, estoque e relacionamento com o cliente. Sal\u00e1rio compat\u00edvel com o mercado, trabalho em turnos e fortes valores de equipe. Varejo l\u00edder de bens de consumo de massa.<\/p>\n<p>    <a data-namespace-url=\"\" href=\"https:\/\/destaquevagasmais.com.br\/pt\/redirect\/?https:\/\/www.careers-page.com\/surgo-pty-ltd\/job\/QW975XX6?utm_campaign=google_jobs_apply&#038;utm_source=google_jobs_apply&#038;utm_medium=organic\" style=\"width: 100%; display: inline-block; color: white; text-decoration: none; border-radius: 6px; font-size: 16px; font-weight: bold; text-align: center; transition: transform 0.3s ease, background 0.3s ease; margin-top: auto;\" data-namespace-id=\"5c0d2565-3ba9-4280-a382-ad2a691e2285\"><br \/>\n        <button style=\"width: 100%; height: 55px; background: #e9e9ed; border: 1px solid black; color: black;\">Candidate-se agora<\/button><br \/>\n    <\/a><br \/>\n    <small style=\"margin-top: 10px; color: #777; font-size: 12px; text-align: center; display: block;\">Voc\u00ea ser\u00e1 redirecionado para outro site<\/small>\n<\/div>\n<p>A vaga de Gerente de Frutas e Verduras em Supermercado oferece sal\u00e1rio compat\u00edvel com o mercado, contrato de trabalho permanente e hor\u00e1rio de trabalho por turnos. Esta posi\u00e7\u00e3o est\u00e1 inserida em um respeitado grupo varejista do setor de bens de consumo de giro r\u00e1pido, conhecido por seu compromisso com a qualidade do servi\u00e7o e a integridade. Os candidatos devem estar preparados para trabalhar em turnos ao longo da semana, garantindo flexibilidade e cobertura completa do departamento.<\/p>\n<p>O trabalho gira fundamentalmente em torno da gest\u00e3o di\u00e1ria do departamento de frutas e verduras, exigindo um candidato que se destaque em ambientes com responsabilidade e gerenciamento direto de m\u00faltiplas tarefas. H\u00e1 um forte foco em lucratividade, excel\u00eancia no atendimento ao cliente e manuten\u00e7\u00e3o dos padr\u00f5es operacionais da empresa em todos os aspectos \u2014 desde a gest\u00e3o de estoque at\u00e9 o desenvolvimento da equipe.<\/p>\n<h2>Principais responsabilidades e tarefas di\u00e1rias<\/h2>\n<p>Nessa fun\u00e7\u00e3o de lideran\u00e7a, as tarefas di\u00e1rias incluem supervisionar o estoque desde o recebimento at\u00e9 a exposi\u00e7\u00e3o, garantindo que cada produto atenda aos padr\u00f5es de qualidade e minimizando o desperd\u00edcio. Lidar com d\u00favidas e feedbacks de clientes \u00e9 fundamental, assim como executar promo\u00e7\u00f5es e apoiar as metas da loja. O gerente trabalha em estreita colabora\u00e7\u00e3o com a lideran\u00e7a da loja para impulsionar o desempenho, frequentemente solucionando problemas no piso de vendas \u00e0 medida que surgem.<\/p>\n<p>A gest\u00e3o de pessoal \u00e9 fundamental \u2014 recrutamento, treinamento e elabora\u00e7\u00e3o de escalas de trabalho s\u00e3o prioridades constantes, assim como o fomento de uma equipe produtiva e motivada. Avalia\u00e7\u00f5es de desempenho regulares s\u00e3o esperadas. O gerente tamb\u00e9m ser\u00e1 respons\u00e1vel por garantir o cumprimento dos procedimentos de sa\u00fade, seguran\u00e7a e prote\u00e7\u00e3o, assegurando um ambiente de compras seguro tanto para funcion\u00e1rios quanto para clientes.<\/p>\n<p>As responsabilidades administrativas incluem o monitoramento de estoque, a avalia\u00e7\u00e3o de perdas e a implementa\u00e7\u00e3o de melhores pr\u00e1ticas no controle de custos. Promover o trabalho em equipe e a lideran\u00e7a participativa faz toda a diferen\u00e7a para o sucesso cont\u00ednuo do departamento.<\/p>\n<p>Esta fun\u00e7\u00e3o \u00e9 ideal para algu\u00e9m que se destaca em ambientes din\u00e2micos e que aprecia desafios variados e intera\u00e7\u00e3o humana di\u00e1ria. Indiv\u00edduos eficientes, confi\u00e1veis e organizados encontrar\u00e3o neste trabalho uma experi\u00eancia gratificante e diversificada.<\/p>\n<h2>Vantagens desta posi\u00e7\u00e3o<\/h2>\n<p>Esta oportunidade \u00e9 ideal para quem deseja assumir a responsabilidade pela gest\u00e3o do seu departamento e influenciar o sucesso geral da loja. Oferece um pacote salarial robusto, compat\u00edvel com o mercado e que reflete a experi\u00eancia e a capacidade do candidato.<\/p>\n<p>O ambiente de trabalho \u00e9 din\u00e2mico e focado na comunidade, valorizando a opini\u00e3o dos funcion\u00e1rios e promovendo o respeito m\u00fatuo. Voc\u00ea estar\u00e1 se juntando a uma varejista consolidada, comprometida com o desenvolvimento e o crescimento de seus colaboradores, que infunde no ambiente de trabalho um esp\u00edrito positivo e colaborativo.<\/p>\n<h2>Contras a considerar<\/h2>\n<p>Como ponto negativo, o regime de turnos do trabalho pode afetar o equil\u00edbrio entre vida profissional e pessoal, especialmente por incluir fins de semana e hor\u00e1rios vari\u00e1veis. Adaptabilidade \u00e9 fundamental. Al\u00e9m disso, como gerente de linha de frente, voc\u00ea precisa estar preparado para as exig\u00eancias f\u00edsicas da movimenta\u00e7\u00e3o de estoque e o desgaste emocional da resolu\u00e7\u00e3o de conflitos em um ambiente de varejo din\u00e2mico.<\/p>\n<p>Gerenciar problemas de equipe e manter altos padr\u00f5es departamentais sob press\u00e3o de tempo traz seus pr\u00f3prios desafios. A fun\u00e7\u00e3o exige grande capacidade de realizar m\u00faltiplas tarefas simultaneamente e automotiva\u00e7\u00e3o constante.<\/p>\n<h2>Veredicto final<\/h2>\n<p>O cargo de Gerente de Frutas e Verduras em Supermercado \u00e9 ideal para pessoas ambiciosas, prontas para assumir responsabilidades e causar impacto direto na equipe. Se voc\u00ea \u00e9 apaixonado por varejo, atendimento ao cliente e lideran\u00e7a em um ambiente empresarial estruturado, provavelmente ter\u00e1 sucesso. A remunera\u00e7\u00e3o \u00e9 compat\u00edvel com as habilidades de lideran\u00e7a exigidas e, com oportunidades cont\u00ednuas de desenvolvimento da equipe, trata-se de uma posi\u00e7\u00e3o que realmente impulsiona a carreira.<\/p>\n<div style=\"background: #ffffff; border-radius: 12px; box-shadow: 0 10px 30px rgba(0, 0, 0, 0.1); width: 100%; max-width: 340px; padding: 25px; transition: transform 0.3s ease-in-out; overflow: visible; display: flex; flex-direction: column; position: relative; border: 1px solid #28a745; margin-top: 70px; margin-bottom: 50px; margin-left: auto; margin-right: auto;\">\n<div style=\"position: absolute; top: -35px; right: 15px; color: #28a745; padding: 5px 10px; border-radius: 6px; font-size: 14px; font-weight: bold; display: flex; align-items: center; z-index: 10;\">Recomendado para voc\u00ea<\/div>\n<div data-namespace-header=\"\" style=\"\">\n<h3 data-namespace-title=\"\" style=\"color: #333; font-size: 20px; font-weight: bold; text-align: left; margin-right: 50px; min-height: 50px; margin-top: 0px;\">Gerente de Frutas e Verduras<\/h3>\n<\/p><\/div>\n<p data-namespace-prompt=\"\" style=\"font-size: 16px; color: #666; margin-bottom: 20px; line-height: 1.5; flex-grow: 1; text-align: left; margin-top: 0px;\">Supervisionar um departamento de frutas e verduras pr\u00f3spero, gerenciar pessoas, estoque e relacionamento com o cliente. Sal\u00e1rio compat\u00edvel com o mercado, trabalho em turnos e fortes valores de equipe. Varejo l\u00edder de bens de consumo de massa.<\/p>\n<p>    <a data-namespace-url=\"\" href=\"https:\/\/destaquevagasmais.com.br\/pt\/redirect\/?https:\/\/www.careers-page.com\/surgo-pty-ltd\/job\/QW975XX6?utm_campaign=google_jobs_apply&#038;utm_source=google_jobs_apply&#038;utm_medium=organic\" style=\"width: 100%; display: inline-block; color: white; text-decoration: none; border-radius: 6px; font-size: 16px; font-weight: bold; text-align: center; transition: transform 0.3s ease, background 0.3s ease; margin-top: auto;\" data-namespace-id=\"5c0d2565-3ba9-4280-a382-ad2a691e2285\"><br \/>\n        <button style=\"width: 100%; height: 55px; background: #e9e9ed; border: 1px solid black; color: black;\">Candidate-se agora<\/button><br \/>\n    <\/a><br \/>\n    <small style=\"margin-top: 10px; color: #777; font-size: 12px; text-align: center; display: block;\">Voc\u00ea ser\u00e1 redirecionado para outro site<\/small>\n<\/div>\n<\/div>","protected":false},"excerpt":{"rendered":"<p>Procura uma vaga de Gerente de Frutas e Verduras em um supermercado? Desfrute de um sal\u00e1rio competitivo, hor\u00e1rio flex\u00edvel, lideran\u00e7a pr\u00e1tica de equipe e oportunidades de crescimento profissional em uma rede varejista respeitada. Candidate-se hoje mesmo para uma nova oportunidade.<\/p>","protected":false},"author":3,"featured_media":0,"comment_status":"open","ping_status":"open","sticky":false,"template":"","format":"standard","meta":{"footnotes":""},"categories":[3],"tags":[],"yoast_head":"<!-- This site is optimized with the Yoast SEO plugin v23.3 - https:\/\/yoast.com\/wordpress\/plugins\/seo\/ -->\n<title>Fruit and Veg Manager Supermarket \u2013 Leadership Role with Market-Related Salary - Destaque Vagas Mais<\/title>\n<meta name=\"robots\" content=\"index, follow, max-snippet:-1, max-image-preview:large, max-video-preview:-1\" \/>\n<link rel=\"canonical\" href=\"https:\/\/destaquevagasmais.com.br\/pt\/adc9542b-15e6-4e92-ae7a-17caaa8a488e\/\" \/>\n<meta property=\"og:locale\" content=\"pt_BR\" \/>\n<meta property=\"og:type\" content=\"article\" \/>\n<meta property=\"og:title\" content=\"Fruit and Veg Manager Supermarket \u2013 Leadership Role with Market-Related Salary - Destaque Vagas Mais\" \/>\n<meta property=\"og:description\" content=\"Seeking a Fruit and Veg Manager Supermarket position? Enjoy a market salary, shift-based schedule, hands-on team leadership and career growth with a respected retailer. Apply today for a new opportunity.\" \/>\n<meta property=\"og:url\" content=\"https:\/\/destaquevagasmais.com.br\/pt\/adc9542b-15e6-4e92-ae7a-17caaa8a488e\/\" \/>\n<meta property=\"og:site_name\" content=\"Destaque Vagas Mais\" \/>\n<meta property=\"article:published_time\" content=\"2025-12-01T18:29:00+00:00\" \/>\n<meta property=\"article:modified_time\" content=\"2025-12-01T18:29:55+00:00\" \/>\n<meta name=\"author\" content=\"Bruno Gianni\" \/>\n<meta name=\"twitter:card\" content=\"summary_large_image\" \/>\n<meta name=\"twitter:label1\" content=\"Written by\" \/>\n\t<meta name=\"twitter:data1\" content=\"Bruno Gianni\" \/>\n\t<meta name=\"twitter:label2\" content=\"Est. reading time\" \/>\n\t<meta name=\"twitter:data2\" content=\"3 minutos\" \/>\n<script type=\"application\/ld+json\" class=\"yoast-schema-graph\">{\"@context\":\"https:\/\/schema.org\",\"@graph\":[{\"@type\":\"WebPage\",\"@id\":\"https:\/\/destaquevagasmais.com.br\/adc9542b-15e6-4e92-ae7a-17caaa8a488e\/\",\"url\":\"https:\/\/destaquevagasmais.com.br\/adc9542b-15e6-4e92-ae7a-17caaa8a488e\/\",\"name\":\"Fruit and Veg Manager Supermarket \u2013 Leadership Role with Market-Related Salary - Destaque Vagas Mais\",\"isPartOf\":{\"@id\":\"https:\/\/destaquevagasmais.com.br\/#website\"},\"datePublished\":\"2025-12-01T18:29:00+00:00\",\"dateModified\":\"2025-12-01T18:29:55+00:00\",\"author\":{\"@id\":\"https:\/\/destaquevagasmais.com.br\/#\/schema\/person\/d52888235fd6563bd07d97185d6a61e4\"},\"breadcrumb\":{\"@id\":\"https:\/\/destaquevagasmais.com.br\/adc9542b-15e6-4e92-ae7a-17caaa8a488e\/#breadcrumb\"},\"inLanguage\":\"pt-BR\",\"potentialAction\":[{\"@type\":\"ReadAction\",\"target\":[\"https:\/\/destaquevagasmais.com.br\/adc9542b-15e6-4e92-ae7a-17caaa8a488e\/\"]}]},{\"@type\":\"BreadcrumbList\",\"@id\":\"https:\/\/destaquevagasmais.com.br\/adc9542b-15e6-4e92-ae7a-17caaa8a488e\/#breadcrumb\",\"itemListElement\":[{\"@type\":\"ListItem\",\"position\":1,\"name\":\"Home\",\"item\":\"https:\/\/destaquevagasmais.com.br\/\"},{\"@type\":\"ListItem\",\"position\":2,\"name\":\"Fruit and Veg Manager Supermarket \u2013 Leadership Role with Market-Related Salary\"}]},{\"@type\":\"WebSite\",\"@id\":\"https:\/\/destaquevagasmais.com.br\/#website\",\"url\":\"https:\/\/destaquevagasmais.com.br\/\",\"name\":\"Destaque Vagas Mais\",\"description\":\"\",\"potentialAction\":[{\"@type\":\"SearchAction\",\"target\":{\"@type\":\"EntryPoint\",\"urlTemplate\":\"https:\/\/destaquevagasmais.com.br\/?s={search_term_string}\"},\"query-input\":\"required name=search_term_string\"}],\"inLanguage\":\"pt-BR\"},{\"@type\":\"Person\",\"@id\":\"https:\/\/destaquevagasmais.com.br\/#\/schema\/person\/d52888235fd6563bd07d97185d6a61e4\",\"name\":\"Bruno Gianni\",\"image\":{\"@type\":\"ImageObject\",\"inLanguage\":\"pt-BR\",\"@id\":\"https:\/\/destaquevagasmais.com.br\/#\/schema\/person\/image\/\",\"url\":\"https:\/\/secure.gravatar.com\/avatar\/0f5d42d7bf77874643c1478932860e3f?s=96&d=mm&r=g\",\"contentUrl\":\"https:\/\/secure.gravatar.com\/avatar\/0f5d42d7bf77874643c1478932860e3f?s=96&d=mm&r=g\",\"caption\":\"Bruno Gianni\"},\"description\":\"Bruno writes the way he lives, with curiosity, care, and respect for people. He likes to observe, listen, and try to understand what is happening on the other side before putting any words on the page.For him, writing is not about impressing, but about getting closer. It is about turning thoughts into something simple, clear, and real. Every text is an ongoing conversation, created with care and honesty, with the sincere intention of touching someone, somewhere along the way.\",\"url\":\"https:\/\/destaquevagasmais.com.br\/pt\/author\/bcgianni\/\"}]}<\/script>\n<!-- \/ Yoast SEO plugin. -->","yoast_head_json":{"title":"Fruit and Veg Manager Supermarket \u2013 Leadership Role with Market-Related Salary - Destaque Vagas Mais","robots":{"index":"index","follow":"follow","max-snippet":"max-snippet:-1","max-image-preview":"max-image-preview:large","max-video-preview":"max-video-preview:-1"},"canonical":"https:\/\/destaquevagasmais.com.br\/pt\/adc9542b-15e6-4e92-ae7a-17caaa8a488e\/","og_locale":"pt_BR","og_type":"article","og_title":"Fruit and Veg Manager Supermarket \u2013 Leadership Role with Market-Related Salary - Destaque Vagas Mais","og_description":"Seeking a Fruit and Veg Manager Supermarket position? Enjoy a market salary, shift-based schedule, hands-on team leadership and career growth with a respected retailer. Apply today for a new opportunity.","og_url":"https:\/\/destaquevagasmais.com.br\/pt\/adc9542b-15e6-4e92-ae7a-17caaa8a488e\/","og_site_name":"Destaque Vagas Mais","article_published_time":"2025-12-01T18:29:00+00:00","article_modified_time":"2025-12-01T18:29:55+00:00","author":"Bruno Gianni","twitter_card":"summary_large_image","twitter_misc":{"Written by":"Bruno Gianni","Est. reading time":"3 minutos"},"schema":{"@context":"https:\/\/schema.org","@graph":[{"@type":"WebPage","@id":"https:\/\/destaquevagasmais.com.br\/adc9542b-15e6-4e92-ae7a-17caaa8a488e\/","url":"https:\/\/destaquevagasmais.com.br\/adc9542b-15e6-4e92-ae7a-17caaa8a488e\/","name":"Fruit and Veg Manager Supermarket \u2013 Leadership Role with Market-Related Salary - Destaque Vagas Mais","isPartOf":{"@id":"https:\/\/destaquevagasmais.com.br\/#website"},"datePublished":"2025-12-01T18:29:00+00:00","dateModified":"2025-12-01T18:29:55+00:00","author":{"@id":"https:\/\/destaquevagasmais.com.br\/#\/schema\/person\/d52888235fd6563bd07d97185d6a61e4"},"breadcrumb":{"@id":"https:\/\/destaquevagasmais.com.br\/adc9542b-15e6-4e92-ae7a-17caaa8a488e\/#breadcrumb"},"inLanguage":"pt-BR","potentialAction":[{"@type":"ReadAction","target":["https:\/\/destaquevagasmais.com.br\/adc9542b-15e6-4e92-ae7a-17caaa8a488e\/"]}]},{"@type":"BreadcrumbList","@id":"https:\/\/destaquevagasmais.com.br\/adc9542b-15e6-4e92-ae7a-17caaa8a488e\/#breadcrumb","itemListElement":[{"@type":"ListItem","position":1,"name":"Home","item":"https:\/\/destaquevagasmais.com.br\/"},{"@type":"ListItem","position":2,"name":"Fruit and Veg Manager Supermarket \u2013 Leadership Role with Market-Related Salary"}]},{"@type":"WebSite","@id":"https:\/\/destaquevagasmais.com.br\/#website","url":"https:\/\/destaquevagasmais.com.br\/","name":"Destaque Vagas Mais","description":"","potentialAction":[{"@type":"SearchAction","target":{"@type":"EntryPoint","urlTemplate":"https:\/\/destaquevagasmais.com.br\/?s={search_term_string}"},"query-input":"required name=search_term_string"}],"inLanguage":"pt-BR"},{"@type":"Person","@id":"https:\/\/destaquevagasmais.com.br\/#\/schema\/person\/d52888235fd6563bd07d97185d6a61e4","name":"Bruno Gianni","image":{"@type":"ImageObject","inLanguage":"pt-BR","@id":"https:\/\/destaquevagasmais.com.br\/#\/schema\/person\/image\/","url":"https:\/\/secure.gravatar.com\/avatar\/0f5d42d7bf77874643c1478932860e3f?s=96&d=mm&r=g","contentUrl":"https:\/\/secure.gravatar.com\/avatar\/0f5d42d7bf77874643c1478932860e3f?s=96&d=mm&r=g","caption":"Bruno Gianni"},"description":"Bruno writes the way he lives, with curiosity, care, and respect for people. He likes to observe, listen, and try to understand what is happening on the other side before putting any words on the page.For him, writing is not about impressing, but about getting closer. It is about turning thoughts into something simple, clear, and real. Every text is an ongoing conversation, created with care and honesty, with the sincere intention of touching someone, somewhere along the way.","url":"https:\/\/destaquevagasmais.com.br\/pt\/author\/bcgianni\/"}]}},"_links":{"self":[{"href":"https:\/\/destaquevagasmais.com.br\/pt\/wp-json\/wp\/v2\/posts\/1112"}],"collection":[{"href":"https:\/\/destaquevagasmais.com.br\/pt\/wp-json\/wp\/v2\/posts"}],"about":[{"href":"https:\/\/destaquevagasmais.com.br\/pt\/wp-json\/wp\/v2\/types\/post"}],"author":[{"embeddable":true,"href":"https:\/\/destaquevagasmais.com.br\/pt\/wp-json\/wp\/v2\/users\/3"}],"replies":[{"embeddable":true,"href":"https:\/\/destaquevagasmais.com.br\/pt\/wp-json\/wp\/v2\/comments?post=1112"}],"version-history":[{"count":1,"href":"https:\/\/destaquevagasmais.com.br\/pt\/wp-json\/wp\/v2\/posts\/1112\/revisions"}],"predecessor-version":[{"id":1128,"href":"https:\/\/destaquevagasmais.com.br\/pt\/wp-json\/wp\/v2\/posts\/1112\/revisions\/1128"}],"wp:attachment":[{"href":"https:\/\/destaquevagasmais.com.br\/pt\/wp-json\/wp\/v2\/media?parent=1112"}],"wp:term":[{"taxonomy":"category","embeddable":true,"href":"https:\/\/destaquevagasmais.com.br\/pt\/wp-json\/wp\/v2\/categories?post=1112"},{"taxonomy":"post_tag","embeddable":true,"href":"https:\/\/destaquevagasmais.com.br\/pt\/wp-json\/wp\/v2\/tags?post=1112"}],"curies":[{"name":"wp","href":"https:\/\/api.w.org\/{rel}","templated":true}]}}