{"id":2653,"date":"2025-12-06T04:22:00","date_gmt":"2025-12-06T04:22:00","guid":{"rendered":"https:\/\/destaquevagasmais.com.br\/a3d0ae84-8929-4caf-9c5b-5408c1baab48\/"},"modified":"2025-12-06T04:22:59","modified_gmt":"2025-12-06T04:22:59","slug":"a3d0ae84-8929-4caf-9c5b-5408c1baab48","status":"publish","type":"post","link":"https:\/\/destaquevagasmais.com.br\/es\/a3d0ae84-8929-4caf-9c5b-5408c1baab48\/","title":{"rendered":"Coordinador de Almac\u00e9n \u2013 Textil (Retail): Salario atractivo y excelentes perspectivas"},"content":{"rendered":"<div class=\"mx-5 sm:mx-0 prose text-left mb-5\">\n<\/p>\n<div style=\"background: #ffffff; border-radius: 12px; box-shadow: 0 10px 30px rgba(0, 0, 0, 0.1); width: 100%; max-width: 340px; padding: 25px; transition: transform 0.3s ease-in-out; overflow: visible; display: flex; flex-direction: column; position: relative; border: 1px solid #28a745; margin-top: 70px; margin-bottom: 50px; margin-left: auto; margin-right: auto;\">\n<div style=\"position: absolute; top: -35px; right: 15px; color: #28a745; padding: 5px 10px; border-radius: 6px; font-size: 14px; font-weight: bold; display: flex; align-items: center; z-index: 10;\">Recomendado para ti<\/div>\n<div data-namespace-header=\"\" style=\"\">\n<h3 data-namespace-title=\"\" style=\"color: #333; font-size: 20px; font-weight: bold; text-align: left; margin-right: 50px; min-height: 50px; margin-top: 0px;\">Coordinador de Almac\u00e9n \u2013 Textil (Retail)<\/h3>\n<\/p><\/div>\n<p data-namespace-prompt=\"\" style=\"font-size: 16px; color: #666; margin-bottom: 20px; line-height: 1.5; flex-grow: 1; text-align: left; margin-top: 0px;\">Coordine eficientemente las operaciones del almac\u00e9n, gestione el inventario textil, apoye a un equipo din\u00e1mico y disfrute de un salario competitivo. Se requiere experiencia previa en almac\u00e9n. Se incluye potencial de crecimiento.<\/p>\n<p>    <a data-namespace-url=\"\" href=\"https:\/\/destaquevagasmais.com.br\/es\/redirect\/?https:\/\/rporecruitment.co.za\/job\/warehouse-coordinator-textile-retail\/?utm_campaign=google_jobs_apply&#038;utm_source=google_jobs_apply&#038;utm_medium=organic\" style=\"width: 100%; display: inline-block; color: white; text-decoration: none; border-radius: 6px; font-size: 16px; font-weight: bold; text-align: center; transition: transform 0.3s ease, background 0.3s ease; margin-top: auto;\" data-namespace-id=\"5c0d2565-3ba9-4280-a382-ad2a691e2285\"><br \/>\n        <button style=\"width: 100%; height: 55px; background: #e9e9ed; border: 1px solid black; color: black;\">Aplicar ahora<\/button><br \/>\n    <\/a><br \/>\n    <small style=\"margin-top: 10px; color: #777; font-size: 12px; text-align: center; display: block;\">Ser\u00e1s redirigido a otro sitio web<\/small>\n<\/div>\n<p>El puesto de Coordinador de Almac\u00e9n - Textil (Venta Minorista) es una oportunidad de tiempo completo con un salario que oscila entre R140.000 y R180.000 al a\u00f1o, seg\u00fan la experiencia. La empresa ofrece un entorno din\u00e1mico para candidatos que se sientan c\u00f3modos gestionando inventario y liderando equipos. Se espera que los candidatos aporten experiencia demostrable en almac\u00e9n, idealmente en el sector textil o minorista, y demuestren s\u00f3lidas habilidades organizativas y de comunicaci\u00f3n.<\/p>\n<p>El puesto tambi\u00e9n requiere familiaridad con los sistemas de gesti\u00f3n de inventario y la disposici\u00f3n para garantizar el cumplimiento de las normas de seguridad. Se requiere un diploma de bachillerato y se valora la formaci\u00f3n superior en log\u00edstica o cadena de suministro. Este puesto est\u00e1 dirigido a quienes est\u00e9n listos para dar el siguiente paso en su carrera en el sector del almacenamiento.<\/p>\n<h2>Responsabilidades clave y actividades diarias<\/h2>\n<p>Como Coordinador de Almac\u00e9n, supervisar\u00e1s las actividades diarias del almac\u00e9n, desde el env\u00edo y la recepci\u00f3n de textiles hasta la gesti\u00f3n detallada de registros de inventario. Coordinar\u00e1s a los diferentes departamentos para garantizar que los pedidos se tramiten con precisi\u00f3n y eficiencia.<\/p>\n<p>Los informes y el control de inventario son responsabilidad suya, junto con el cumplimiento de las normas de seguridad y los requisitos de cumplimiento. Garantizar que el equipo del almac\u00e9n est\u00e9 motivado y capacitado forma parte de su rutina.<\/p>\n<p>El puesto incluye optimizar los procesos del almac\u00e9n, mantener una comunicaci\u00f3n fluida y, con frecuencia, resolver problemas cotidianos. Se espera que gestiones la documentaci\u00f3n y proporciones actualizaciones peri\u00f3dicas sobre el rendimiento a la gerencia.<\/p>\n<h2>Por qu\u00e9 este rol se destaca<\/h2>\n<p>Este puesto ofrece un aut\u00e9ntico crecimiento profesional para profesionales de almac\u00e9n con atenci\u00f3n al detalle y capacidad de gesti\u00f3n de equipos. Adquirir\u00e1s experiencia en el flujo operativo \u00fanico del sector textil minorista.<\/p>\n<p>Con un rango salarial competitivo y t\u00e9rminos negociables, su compensaci\u00f3n se alinea con su nivel de experiencia, lo que hace de este un puesto atractivo para quienes buscan avance y estabilidad profesional.<\/p>\n<h2>Posibles inconvenientes<\/h2>\n<p>Este es un puesto din\u00e1mico que podr\u00eda implicar plazos ajustados y, en ocasiones, situaciones de alta presi\u00f3n. Tambi\u00e9n podr\u00edas encontrarte con tareas f\u00edsicamente exigentes seg\u00fan las necesidades del almac\u00e9n.<\/p>\n<p>Adem\u00e1s, es esencial tener una fuerte capacidad para realizar m\u00faltiples tareas a la vez, ya que ser\u00e1 necesario cambiar el foco entre la supervisi\u00f3n operativa, los controles de cumplimiento y la coordinaci\u00f3n interdepartamental.<\/p>\n<h2>Veredicto: \u00bfEs este tu pr\u00f3ximo movimiento?<\/h2>\n<p>El puesto de Coordinador de Almac\u00e9n - Textil (Venta Minorista) es ideal para personas con s\u00f3lida experiencia en liderazgo de almac\u00e9n y una mentalidad proactiva. Si busca un puesto gratificante con potencial de crecimiento y est\u00e1 listo para satisfacer las exigencias de un espacio de trabajo din\u00e1mico, esta es una oportunidad que vale la pena considerar.<\/p>\n<div style=\"background: #ffffff; border-radius: 12px; box-shadow: 0 10px 30px rgba(0, 0, 0, 0.1); width: 100%; max-width: 340px; padding: 25px; transition: transform 0.3s ease-in-out; overflow: visible; display: flex; flex-direction: column; position: relative; border: 1px solid #28a745; margin-top: 70px; margin-bottom: 50px; margin-left: auto; margin-right: auto;\">\n<div style=\"position: absolute; top: -35px; right: 15px; color: #28a745; padding: 5px 10px; border-radius: 6px; font-size: 14px; font-weight: bold; display: flex; align-items: center; z-index: 10;\">Recomendado para ti<\/div>\n<div data-namespace-header=\"\" style=\"\">\n<h3 data-namespace-title=\"\" style=\"color: #333; font-size: 20px; font-weight: bold; text-align: left; margin-right: 50px; min-height: 50px; margin-top: 0px;\">Coordinador de Almac\u00e9n \u2013 Textil (Retail)<\/h3>\n<\/p><\/div>\n<p data-namespace-prompt=\"\" style=\"font-size: 16px; color: #666; margin-bottom: 20px; line-height: 1.5; flex-grow: 1; text-align: left; margin-top: 0px;\">Coordine eficientemente las operaciones del almac\u00e9n, gestione el inventario textil, apoye a un equipo din\u00e1mico y disfrute de un salario competitivo. Se requiere experiencia previa en almac\u00e9n. Se incluye potencial de crecimiento.<\/p>\n<p>    <a data-namespace-url=\"\" href=\"https:\/\/destaquevagasmais.com.br\/es\/redirect\/?https:\/\/rporecruitment.co.za\/job\/warehouse-coordinator-textile-retail\/?utm_campaign=google_jobs_apply&#038;utm_source=google_jobs_apply&#038;utm_medium=organic\" style=\"width: 100%; display: inline-block; color: white; text-decoration: none; border-radius: 6px; font-size: 16px; font-weight: bold; text-align: center; transition: transform 0.3s ease, background 0.3s ease; margin-top: auto;\" data-namespace-id=\"5c0d2565-3ba9-4280-a382-ad2a691e2285\"><br \/>\n        <button style=\"width: 100%; height: 55px; background: #e9e9ed; border: 1px solid black; color: black;\">Aplicar ahora<\/button><br \/>\n    <\/a><br \/>\n    <small style=\"margin-top: 10px; color: #777; font-size: 12px; text-align: center; display: block;\">Ser\u00e1s redirigido a otro sitio web<\/small>\n<\/div>\n<\/div>","protected":false},"excerpt":{"rendered":"<p>Explora la oportunidad de Coordinador de Almac\u00e9n - Textil (Venta Minorista). Tiempo completo, salario atractivo y perspectivas de crecimiento. Lidera un equipo de almac\u00e9n y gestiona el inventario textil. Postula y progresa en tu carrera de almac\u00e9n.<\/p>","protected":false},"author":3,"featured_media":0,"comment_status":"open","ping_status":"open","sticky":false,"template":"","format":"standard","meta":{"footnotes":""},"categories":[3],"tags":[],"yoast_head":"<!-- This site is optimized with the Yoast SEO plugin v23.3 - https:\/\/yoast.com\/wordpress\/plugins\/seo\/ -->\n<title>Warehouse Coordinator \u2013 Textile (Retail): Attractive Salary &amp; Great Prospects - Destaque Vagas Mais<\/title>\n<meta name=\"robots\" content=\"index, follow, max-snippet:-1, max-image-preview:large, max-video-preview:-1\" \/>\n<link rel=\"canonical\" href=\"https:\/\/destaquevagasmais.com.br\/es\/a3d0ae84-8929-4caf-9c5b-5408c1baab48\/\" \/>\n<meta property=\"og:locale\" content=\"es_MX\" \/>\n<meta property=\"og:type\" content=\"article\" \/>\n<meta property=\"og:title\" content=\"Warehouse Coordinator \u2013 Textile (Retail): Attractive Salary &amp; Great Prospects - Destaque Vagas Mais\" \/>\n<meta property=\"og:description\" content=\"Explore the Warehouse Coordinator \u2013 Textile (Retail) opportunity. Full-time, attractive salary, growth prospects. Lead a warehouse team and manage textile inventory. Apply and advance your warehousing career.\" \/>\n<meta property=\"og:url\" content=\"https:\/\/destaquevagasmais.com.br\/es\/a3d0ae84-8929-4caf-9c5b-5408c1baab48\/\" \/>\n<meta property=\"og:site_name\" content=\"Destaque Vagas Mais\" \/>\n<meta property=\"article:published_time\" content=\"2025-12-06T04:22:00+00:00\" \/>\n<meta property=\"article:modified_time\" content=\"2025-12-06T04:22:59+00:00\" \/>\n<meta name=\"author\" content=\"Bruno Gianni\" \/>\n<meta name=\"twitter:card\" content=\"summary_large_image\" \/>\n<meta name=\"twitter:label1\" content=\"Written by\" \/>\n\t<meta name=\"twitter:data1\" content=\"Bruno Gianni\" \/>\n\t<meta name=\"twitter:label2\" content=\"Est. reading time\" \/>\n\t<meta name=\"twitter:data2\" content=\"2 minutos\" \/>\n<script type=\"application\/ld+json\" class=\"yoast-schema-graph\">{\"@context\":\"https:\/\/schema.org\",\"@graph\":[{\"@type\":\"WebPage\",\"@id\":\"https:\/\/destaquevagasmais.com.br\/a3d0ae84-8929-4caf-9c5b-5408c1baab48\/\",\"url\":\"https:\/\/destaquevagasmais.com.br\/a3d0ae84-8929-4caf-9c5b-5408c1baab48\/\",\"name\":\"Warehouse Coordinator \u2013 Textile (Retail): Attractive Salary & Great Prospects - Destaque Vagas Mais\",\"isPartOf\":{\"@id\":\"https:\/\/destaquevagasmais.com.br\/#website\"},\"datePublished\":\"2025-12-06T04:22:00+00:00\",\"dateModified\":\"2025-12-06T04:22:59+00:00\",\"author\":{\"@id\":\"https:\/\/destaquevagasmais.com.br\/#\/schema\/person\/d52888235fd6563bd07d97185d6a61e4\"},\"breadcrumb\":{\"@id\":\"https:\/\/destaquevagasmais.com.br\/a3d0ae84-8929-4caf-9c5b-5408c1baab48\/#breadcrumb\"},\"inLanguage\":\"es-MX\",\"potentialAction\":[{\"@type\":\"ReadAction\",\"target\":[\"https:\/\/destaquevagasmais.com.br\/a3d0ae84-8929-4caf-9c5b-5408c1baab48\/\"]}]},{\"@type\":\"BreadcrumbList\",\"@id\":\"https:\/\/destaquevagasmais.com.br\/a3d0ae84-8929-4caf-9c5b-5408c1baab48\/#breadcrumb\",\"itemListElement\":[{\"@type\":\"ListItem\",\"position\":1,\"name\":\"Home\",\"item\":\"https:\/\/destaquevagasmais.com.br\/\"},{\"@type\":\"ListItem\",\"position\":2,\"name\":\"Warehouse Coordinator \u2013 Textile (Retail): Attractive Salary &#038; Great Prospects\"}]},{\"@type\":\"WebSite\",\"@id\":\"https:\/\/destaquevagasmais.com.br\/#website\",\"url\":\"https:\/\/destaquevagasmais.com.br\/\",\"name\":\"Destaque Vagas Mais\",\"description\":\"\",\"potentialAction\":[{\"@type\":\"SearchAction\",\"target\":{\"@type\":\"EntryPoint\",\"urlTemplate\":\"https:\/\/destaquevagasmais.com.br\/?s={search_term_string}\"},\"query-input\":\"required name=search_term_string\"}],\"inLanguage\":\"es-MX\"},{\"@type\":\"Person\",\"@id\":\"https:\/\/destaquevagasmais.com.br\/#\/schema\/person\/d52888235fd6563bd07d97185d6a61e4\",\"name\":\"Bruno Gianni\",\"image\":{\"@type\":\"ImageObject\",\"inLanguage\":\"es-MX\",\"@id\":\"https:\/\/destaquevagasmais.com.br\/#\/schema\/person\/image\/\",\"url\":\"https:\/\/secure.gravatar.com\/avatar\/0f5d42d7bf77874643c1478932860e3f?s=96&d=mm&r=g\",\"contentUrl\":\"https:\/\/secure.gravatar.com\/avatar\/0f5d42d7bf77874643c1478932860e3f?s=96&d=mm&r=g\",\"caption\":\"Bruno Gianni\"},\"description\":\"Bruno writes the way he lives, with curiosity, care, and respect for people. He likes to observe, listen, and try to understand what is happening on the other side before putting any words on the page.For him, writing is not about impressing, but about getting closer. It is about turning thoughts into something simple, clear, and real. Every text is an ongoing conversation, created with care and honesty, with the sincere intention of touching someone, somewhere along the way.\",\"url\":\"https:\/\/destaquevagasmais.com.br\/es\/author\/bcgianni\/\"}]}<\/script>\n<!-- \/ Yoast SEO plugin. -->","yoast_head_json":{"title":"Warehouse Coordinator \u2013 Textile (Retail): Attractive Salary & Great Prospects - Destaque Vagas Mais","robots":{"index":"index","follow":"follow","max-snippet":"max-snippet:-1","max-image-preview":"max-image-preview:large","max-video-preview":"max-video-preview:-1"},"canonical":"https:\/\/destaquevagasmais.com.br\/es\/a3d0ae84-8929-4caf-9c5b-5408c1baab48\/","og_locale":"es_MX","og_type":"article","og_title":"Warehouse Coordinator \u2013 Textile (Retail): Attractive Salary & Great Prospects - Destaque Vagas Mais","og_description":"Explore the Warehouse Coordinator \u2013 Textile (Retail) opportunity. Full-time, attractive salary, growth prospects. Lead a warehouse team and manage textile inventory. Apply and advance your warehousing career.","og_url":"https:\/\/destaquevagasmais.com.br\/es\/a3d0ae84-8929-4caf-9c5b-5408c1baab48\/","og_site_name":"Destaque Vagas Mais","article_published_time":"2025-12-06T04:22:00+00:00","article_modified_time":"2025-12-06T04:22:59+00:00","author":"Bruno Gianni","twitter_card":"summary_large_image","twitter_misc":{"Written by":"Bruno Gianni","Est. reading time":"2 minutos"},"schema":{"@context":"https:\/\/schema.org","@graph":[{"@type":"WebPage","@id":"https:\/\/destaquevagasmais.com.br\/a3d0ae84-8929-4caf-9c5b-5408c1baab48\/","url":"https:\/\/destaquevagasmais.com.br\/a3d0ae84-8929-4caf-9c5b-5408c1baab48\/","name":"Warehouse Coordinator \u2013 Textile (Retail): Attractive Salary & Great Prospects - Destaque Vagas Mais","isPartOf":{"@id":"https:\/\/destaquevagasmais.com.br\/#website"},"datePublished":"2025-12-06T04:22:00+00:00","dateModified":"2025-12-06T04:22:59+00:00","author":{"@id":"https:\/\/destaquevagasmais.com.br\/#\/schema\/person\/d52888235fd6563bd07d97185d6a61e4"},"breadcrumb":{"@id":"https:\/\/destaquevagasmais.com.br\/a3d0ae84-8929-4caf-9c5b-5408c1baab48\/#breadcrumb"},"inLanguage":"es-MX","potentialAction":[{"@type":"ReadAction","target":["https:\/\/destaquevagasmais.com.br\/a3d0ae84-8929-4caf-9c5b-5408c1baab48\/"]}]},{"@type":"BreadcrumbList","@id":"https:\/\/destaquevagasmais.com.br\/a3d0ae84-8929-4caf-9c5b-5408c1baab48\/#breadcrumb","itemListElement":[{"@type":"ListItem","position":1,"name":"Home","item":"https:\/\/destaquevagasmais.com.br\/"},{"@type":"ListItem","position":2,"name":"Warehouse Coordinator \u2013 Textile (Retail): Attractive Salary &#038; Great Prospects"}]},{"@type":"WebSite","@id":"https:\/\/destaquevagasmais.com.br\/#website","url":"https:\/\/destaquevagasmais.com.br\/","name":"Destaque Vagas Mais","description":"","potentialAction":[{"@type":"SearchAction","target":{"@type":"EntryPoint","urlTemplate":"https:\/\/destaquevagasmais.com.br\/?s={search_term_string}"},"query-input":"required name=search_term_string"}],"inLanguage":"es-MX"},{"@type":"Person","@id":"https:\/\/destaquevagasmais.com.br\/#\/schema\/person\/d52888235fd6563bd07d97185d6a61e4","name":"Bruno Gianni","image":{"@type":"ImageObject","inLanguage":"es-MX","@id":"https:\/\/destaquevagasmais.com.br\/#\/schema\/person\/image\/","url":"https:\/\/secure.gravatar.com\/avatar\/0f5d42d7bf77874643c1478932860e3f?s=96&d=mm&r=g","contentUrl":"https:\/\/secure.gravatar.com\/avatar\/0f5d42d7bf77874643c1478932860e3f?s=96&d=mm&r=g","caption":"Bruno Gianni"},"description":"Bruno writes the way he lives, with curiosity, care, and respect for people. He likes to observe, listen, and try to understand what is happening on the other side before putting any words on the page.For him, writing is not about impressing, but about getting closer. It is about turning thoughts into something simple, clear, and real. Every text is an ongoing conversation, created with care and honesty, with the sincere intention of touching someone, somewhere along the way.","url":"https:\/\/destaquevagasmais.com.br\/es\/author\/bcgianni\/"}]}},"_links":{"self":[{"href":"https:\/\/destaquevagasmais.com.br\/es\/wp-json\/wp\/v2\/posts\/2653"}],"collection":[{"href":"https:\/\/destaquevagasmais.com.br\/es\/wp-json\/wp\/v2\/posts"}],"about":[{"href":"https:\/\/destaquevagasmais.com.br\/es\/wp-json\/wp\/v2\/types\/post"}],"author":[{"embeddable":true,"href":"https:\/\/destaquevagasmais.com.br\/es\/wp-json\/wp\/v2\/users\/3"}],"replies":[{"embeddable":true,"href":"https:\/\/destaquevagasmais.com.br\/es\/wp-json\/wp\/v2\/comments?post=2653"}],"version-history":[{"count":1,"href":"https:\/\/destaquevagasmais.com.br\/es\/wp-json\/wp\/v2\/posts\/2653\/revisions"}],"predecessor-version":[{"id":2661,"href":"https:\/\/destaquevagasmais.com.br\/es\/wp-json\/wp\/v2\/posts\/2653\/revisions\/2661"}],"wp:attachment":[{"href":"https:\/\/destaquevagasmais.com.br\/es\/wp-json\/wp\/v2\/media?parent=2653"}],"wp:term":[{"taxonomy":"category","embeddable":true,"href":"https:\/\/destaquevagasmais.com.br\/es\/wp-json\/wp\/v2\/categories?post=2653"},{"taxonomy":"post_tag","embeddable":true,"href":"https:\/\/destaquevagasmais.com.br\/es\/wp-json\/wp\/v2\/tags?post=2653"}],"curies":[{"name":"wp","href":"https:\/\/api.w.org\/{rel}","templated":true}]}}