{"id":1546,"date":"2025-12-02T10:15:00","date_gmt":"2025-12-02T10:15:00","guid":{"rendered":"https:\/\/destaquevagasmais.com.br\/982f8591-7c6f-41c3-b41e-b1825b87eab8\/"},"modified":"2025-12-02T10:15:12","modified_gmt":"2025-12-02T10:15:12","slug":"982f8591-7c6f-41c3-b41e-b1825b87eab8","status":"publish","type":"post","link":"https:\/\/destaquevagasmais.com.br\/es\/982f8591-7c6f-41c3-b41e-b1825b87eab8\/","title":{"rendered":"Gerente de comestibles: Liderazgo minorista a tiempo completo con potencial de crecimiento"},"content":{"rendered":"<div class=\"mx-5 sm:mx-0 prose text-left mb-5\">\n<\/p>\n<div style=\"background: #ffffff; border-radius: 12px; box-shadow: 0 10px 30px rgba(0, 0, 0, 0.1); width: 100%; max-width: 340px; padding: 25px; transition: transform 0.3s ease-in-out; overflow: visible; display: flex; flex-direction: column; position: relative; border: 1px solid #28a745; margin-top: 70px; margin-bottom: 50px; margin-left: auto; margin-right: auto;\">\n<div style=\"position: absolute; top: -35px; right: 15px; color: #28a745; padding: 5px 10px; border-radius: 6px; font-size: 14px; font-weight: bold; display: flex; align-items: center; z-index: 10;\">Recomendado para ti<\/div>\n<div data-namespace-header=\"\" style=\"\">\n<h3 data-namespace-title=\"\" style=\"color: #333; font-size: 20px; font-weight: bold; text-align: left; margin-right: 50px; min-height: 50px; margin-top: 0px;\">Gerente de comestibles<\/h3>\n<\/p><\/div>\n<p data-namespace-prompt=\"\" style=\"font-size: 16px; color: #666; margin-bottom: 20px; line-height: 1.5; flex-grow: 1; text-align: left; margin-top: 0px;\">Liderar un equipo de ventas minoristas, gestionar las compras, mantener el inventario y asegurar la disciplina en una tienda de prestigio. Tiempo completo. Se requieren 5 a\u00f1os de experiencia en supermercados y comercio minorista. Ideal para crecer profesionalmente.<\/p>\n<p>    <a data-namespace-url=\"\" href=\"https:\/\/destaquevagasmais.com.br\/es\/redirect\/?https:\/\/za.trabajo.org\/job-3413-5888a1776ac2fff72686e92f79d99d1c?utm_campaign=google_jobs_apply&#038;utm_source=google_jobs_apply&#038;utm_medium=organic\" style=\"width: 100%; display: inline-block; color: white; text-decoration: none; border-radius: 6px; font-size: 16px; font-weight: bold; text-align: center; transition: transform 0.3s ease, background 0.3s ease; margin-top: auto;\" data-namespace-id=\"5c0d2565-3ba9-4280-a382-ad2a691e2285\"><br \/>\n        <button style=\"width: 100%; height: 55px; background: #e9e9ed; border: 1px solid black; color: black;\">Aplicar ahora<\/button><br \/>\n    <\/a><br \/>\n    <small style=\"margin-top: 10px; color: #777; font-size: 12px; text-align: center; display: block;\">Ser\u00e1s redirigido a otro sitio web<\/small>\n<\/div>\n<h2>De un vistazo<\/h2>\n<p>El puesto de Gerente de Abarrotes es permanente y a tiempo completo, y ofrece estabilidad y la oportunidad de liderar un equipo en un entorno minorista din\u00e1mico. Es fundamental gestionar las actividades diarias del departamento, as\u00ed como la compra de inventario y la direcci\u00f3n de reuniones de personal. Se requiere un m\u00ednimo de cinco a\u00f1os de experiencia en gesti\u00f3n de tiendas minoristas y de abarrotes.<\/p>\n<p>No se proporcionan detalles salariales, pero puestos de tiempo completo como este suelen ofrecer una remuneraci\u00f3n y beneficios competitivos. El puesto promete responsabilidad de liderazgo y oportunidades de futuro ascenso dentro del sector minorista.<\/p>\n<p>El puesto requiere un control proactivo del inventario, coordinaci\u00f3n con los comerciantes y supervisi\u00f3n de los procesos de recepci\u00f3n y almacenamiento. Mantener la eficiencia y la organizaci\u00f3n es una expectativa diaria, lo que fomenta una jornada laboral gratificante y a la vez activa.<\/p>\n<h2>Responsabilidades t\u00edpicas del d\u00eda a d\u00eda<\/h2>\n<p>El gerente de comestibles supervisa el stock de alimentos no perecederos en todo momento, garantizando que el departamento funcione de manera eficiente mediante la gesti\u00f3n de pedidos y compras cuando sea necesario.<\/p>\n<p>Otra tarea crucial es guiar al equipo de comercializaci\u00f3n para que cada art\u00edculo est\u00e9 correctamente embalado y la tienda se mantenga atractiva y ordenada. Esto incluye apoyar y reforzar la disciplina y la motivaci\u00f3n del personal.<\/p>\n<p>Al trabajar en estrecha colaboraci\u00f3n con los proveedores y los equipos de recepci\u00f3n, el gerente coordina las entregas y el almacenamiento, apoyando a un departamento bien abastecido y que funciona sin problemas durante todo el d\u00eda.<\/p>\n<p>Cumplir con los plazos de entrega de pedidos, responder a las inquietudes sobre el inventario y mejorar los procesos operativos son partes clave de la rutina. Se realizan reuniones de personal con frecuencia para mantener la comunicaci\u00f3n y el trabajo en equipo.<\/p>\n<p>Tambi\u00e9n se espera que los gerentes piensen con rapidez y respondan r\u00e1pidamente a problemas de existencias o de personal, garantizando as\u00ed un funcionamiento diario fluido.<\/p>\n<h2>Beneficios y ventajas<\/h2>\n<p>El puesto es ideal para profesionales del sector minorista con experiencia que buscan progresar profesionalmente. Desarrollar\u00e1s habilidades de liderazgo, organizaci\u00f3n y operaciones en un entorno minorista din\u00e1mico.<\/p>\n<p>El empleo permanente brinda seguridad laboral. Adem\u00e1s, los empleados suelen disfrutar de un ambiente de equipo de apoyo con oportunidades de reconocimiento y promoci\u00f3n interna.<\/p>\n<h2>Posibles inconvenientes<\/h2>\n<p>El puesto es exigente y a menudo implica largas horas de pie y la necesidad de responder r\u00e1pidamente a desaf\u00edos inesperados en el entorno de la tienda.<\/p>\n<p>Tambi\u00e9n se requieren cinco a\u00f1os de experiencia, lo que puede limitar las oportunidades para quienes se inician en el sector. Se exigen altas expectativas tanto en la eficiencia como en las habilidades interpersonales.<\/p>\n<h2>Reflexiones finales<\/h2>\n<p>El puesto de Gerente de Abarrotes es ideal para profesionales del sector minorista cualificados, listos para asumir nuevas responsabilidades. Ofrece valiosa experiencia, oportunidades de liderazgo y una aut\u00e9ntica estabilidad laboral. Si bien es exigente, su potencial de crecimiento y su s\u00f3lida experiencia en el sector lo convierten en una opci\u00f3n gratificante para el candidato ideal.<\/p>\n<div style=\"background: #ffffff; border-radius: 12px; box-shadow: 0 10px 30px rgba(0, 0, 0, 0.1); width: 100%; max-width: 340px; padding: 25px; transition: transform 0.3s ease-in-out; overflow: visible; display: flex; flex-direction: column; position: relative; border: 1px solid #28a745; margin-top: 70px; margin-bottom: 50px; margin-left: auto; margin-right: auto;\">\n<div style=\"position: absolute; top: -35px; right: 15px; color: #28a745; padding: 5px 10px; border-radius: 6px; font-size: 14px; font-weight: bold; display: flex; align-items: center; z-index: 10;\">Recomendado para ti<\/div>\n<div data-namespace-header=\"\" style=\"\">\n<h3 data-namespace-title=\"\" style=\"color: #333; font-size: 20px; font-weight: bold; text-align: left; margin-right: 50px; min-height: 50px; margin-top: 0px;\">Gerente de comestibles<\/h3>\n<\/p><\/div>\n<p data-namespace-prompt=\"\" style=\"font-size: 16px; color: #666; margin-bottom: 20px; line-height: 1.5; flex-grow: 1; text-align: left; margin-top: 0px;\">Liderar un equipo de ventas minoristas, gestionar las compras, mantener el inventario y asegurar la disciplina en una tienda de prestigio. Tiempo completo. Se requieren 5 a\u00f1os de experiencia en supermercados y comercio minorista. Ideal para crecer profesionalmente.<\/p>\n<p>    <a data-namespace-url=\"\" href=\"https:\/\/destaquevagasmais.com.br\/es\/redirect\/?https:\/\/za.trabajo.org\/job-3413-5888a1776ac2fff72686e92f79d99d1c?utm_campaign=google_jobs_apply&#038;utm_source=google_jobs_apply&#038;utm_medium=organic\" style=\"width: 100%; display: inline-block; color: white; text-decoration: none; border-radius: 6px; font-size: 16px; font-weight: bold; text-align: center; transition: transform 0.3s ease, background 0.3s ease; margin-top: auto;\" data-namespace-id=\"5c0d2565-3ba9-4280-a382-ad2a691e2285\"><br \/>\n        <button style=\"width: 100%; height: 55px; background: #e9e9ed; border: 1px solid black; color: black;\">Aplicar ahora<\/button><br \/>\n    <\/a><br \/>\n    <small style=\"margin-top: 10px; color: #777; font-size: 12px; text-align: center; display: block;\">Ser\u00e1s redirigido a otro sitio web<\/small>\n<\/div>\n<\/div>","protected":false},"excerpt":{"rendered":"<p>Revisi\u00f3n de la oferta de trabajo de Gerente de comestibles, descubriendo las expectativas laborales, los pros, los contras y por qu\u00e9 los profesionales minoristas experimentados deber\u00edan considerar esta carrera de liderazgo a tiempo completo.<\/p>","protected":false},"author":3,"featured_media":0,"comment_status":"open","ping_status":"open","sticky":false,"template":"","format":"standard","meta":{"footnotes":""},"categories":[3],"tags":[],"yoast_head":"<!-- This site is optimized with the Yoast SEO plugin v23.3 - https:\/\/yoast.com\/wordpress\/plugins\/seo\/ -->\n<title>Grocery Manager: Full-Time Retail Leadership with Growth Potential - Destaque Vagas Mais<\/title>\n<meta name=\"robots\" content=\"index, follow, max-snippet:-1, max-image-preview:large, max-video-preview:-1\" \/>\n<link rel=\"canonical\" href=\"https:\/\/destaquevagasmais.com.br\/es\/982f8591-7c6f-41c3-b41e-b1825b87eab8\/\" \/>\n<meta property=\"og:locale\" content=\"es_MX\" \/>\n<meta property=\"og:type\" content=\"article\" \/>\n<meta property=\"og:title\" content=\"Grocery Manager: Full-Time Retail Leadership with Growth Potential - Destaque Vagas Mais\" \/>\n<meta property=\"og:description\" content=\"Review of the Grocery Manager job offer, uncovering job expectations, pros, cons and why experienced retail professionals should consider this full-time leadership career path.\" \/>\n<meta property=\"og:url\" content=\"https:\/\/destaquevagasmais.com.br\/es\/982f8591-7c6f-41c3-b41e-b1825b87eab8\/\" \/>\n<meta property=\"og:site_name\" content=\"Destaque Vagas Mais\" \/>\n<meta property=\"article:published_time\" content=\"2025-12-02T10:15:00+00:00\" \/>\n<meta property=\"article:modified_time\" content=\"2025-12-02T10:15:12+00:00\" \/>\n<meta name=\"author\" content=\"Bruno Gianni\" \/>\n<meta name=\"twitter:card\" content=\"summary_large_image\" \/>\n<meta name=\"twitter:label1\" content=\"Written by\" \/>\n\t<meta name=\"twitter:data1\" content=\"Bruno Gianni\" \/>\n\t<meta name=\"twitter:label2\" content=\"Est. reading time\" \/>\n\t<meta name=\"twitter:data2\" content=\"2 minutos\" \/>\n<script type=\"application\/ld+json\" class=\"yoast-schema-graph\">{\"@context\":\"https:\/\/schema.org\",\"@graph\":[{\"@type\":\"WebPage\",\"@id\":\"https:\/\/destaquevagasmais.com.br\/982f8591-7c6f-41c3-b41e-b1825b87eab8\/\",\"url\":\"https:\/\/destaquevagasmais.com.br\/982f8591-7c6f-41c3-b41e-b1825b87eab8\/\",\"name\":\"Grocery Manager: Full-Time Retail Leadership with Growth Potential - Destaque Vagas Mais\",\"isPartOf\":{\"@id\":\"https:\/\/destaquevagasmais.com.br\/#website\"},\"datePublished\":\"2025-12-02T10:15:00+00:00\",\"dateModified\":\"2025-12-02T10:15:12+00:00\",\"author\":{\"@id\":\"https:\/\/destaquevagasmais.com.br\/#\/schema\/person\/d52888235fd6563bd07d97185d6a61e4\"},\"breadcrumb\":{\"@id\":\"https:\/\/destaquevagasmais.com.br\/982f8591-7c6f-41c3-b41e-b1825b87eab8\/#breadcrumb\"},\"inLanguage\":\"es-MX\",\"potentialAction\":[{\"@type\":\"ReadAction\",\"target\":[\"https:\/\/destaquevagasmais.com.br\/982f8591-7c6f-41c3-b41e-b1825b87eab8\/\"]}]},{\"@type\":\"BreadcrumbList\",\"@id\":\"https:\/\/destaquevagasmais.com.br\/982f8591-7c6f-41c3-b41e-b1825b87eab8\/#breadcrumb\",\"itemListElement\":[{\"@type\":\"ListItem\",\"position\":1,\"name\":\"Home\",\"item\":\"https:\/\/destaquevagasmais.com.br\/\"},{\"@type\":\"ListItem\",\"position\":2,\"name\":\"Grocery Manager: Full-Time Retail Leadership with Growth Potential\"}]},{\"@type\":\"WebSite\",\"@id\":\"https:\/\/destaquevagasmais.com.br\/#website\",\"url\":\"https:\/\/destaquevagasmais.com.br\/\",\"name\":\"Destaque Vagas Mais\",\"description\":\"\",\"potentialAction\":[{\"@type\":\"SearchAction\",\"target\":{\"@type\":\"EntryPoint\",\"urlTemplate\":\"https:\/\/destaquevagasmais.com.br\/?s={search_term_string}\"},\"query-input\":\"required name=search_term_string\"}],\"inLanguage\":\"es-MX\"},{\"@type\":\"Person\",\"@id\":\"https:\/\/destaquevagasmais.com.br\/#\/schema\/person\/d52888235fd6563bd07d97185d6a61e4\",\"name\":\"Bruno Gianni\",\"image\":{\"@type\":\"ImageObject\",\"inLanguage\":\"es-MX\",\"@id\":\"https:\/\/destaquevagasmais.com.br\/#\/schema\/person\/image\/\",\"url\":\"https:\/\/secure.gravatar.com\/avatar\/0f5d42d7bf77874643c1478932860e3f?s=96&d=mm&r=g\",\"contentUrl\":\"https:\/\/secure.gravatar.com\/avatar\/0f5d42d7bf77874643c1478932860e3f?s=96&d=mm&r=g\",\"caption\":\"Bruno Gianni\"},\"description\":\"Bruno writes the way he lives, with curiosity, care, and respect for people. He likes to observe, listen, and try to understand what is happening on the other side before putting any words on the page.For him, writing is not about impressing, but about getting closer. It is about turning thoughts into something simple, clear, and real. Every text is an ongoing conversation, created with care and honesty, with the sincere intention of touching someone, somewhere along the way.\",\"url\":\"https:\/\/destaquevagasmais.com.br\/es\/author\/bcgianni\/\"}]}<\/script>\n<!-- \/ Yoast SEO plugin. -->","yoast_head_json":{"title":"Grocery Manager: Full-Time Retail Leadership with Growth Potential - Destaque Vagas Mais","robots":{"index":"index","follow":"follow","max-snippet":"max-snippet:-1","max-image-preview":"max-image-preview:large","max-video-preview":"max-video-preview:-1"},"canonical":"https:\/\/destaquevagasmais.com.br\/es\/982f8591-7c6f-41c3-b41e-b1825b87eab8\/","og_locale":"es_MX","og_type":"article","og_title":"Grocery Manager: Full-Time Retail Leadership with Growth Potential - Destaque Vagas Mais","og_description":"Review of the Grocery Manager job offer, uncovering job expectations, pros, cons and why experienced retail professionals should consider this full-time leadership career path.","og_url":"https:\/\/destaquevagasmais.com.br\/es\/982f8591-7c6f-41c3-b41e-b1825b87eab8\/","og_site_name":"Destaque Vagas Mais","article_published_time":"2025-12-02T10:15:00+00:00","article_modified_time":"2025-12-02T10:15:12+00:00","author":"Bruno Gianni","twitter_card":"summary_large_image","twitter_misc":{"Written by":"Bruno Gianni","Est. reading time":"2 minutos"},"schema":{"@context":"https:\/\/schema.org","@graph":[{"@type":"WebPage","@id":"https:\/\/destaquevagasmais.com.br\/982f8591-7c6f-41c3-b41e-b1825b87eab8\/","url":"https:\/\/destaquevagasmais.com.br\/982f8591-7c6f-41c3-b41e-b1825b87eab8\/","name":"Grocery Manager: Full-Time Retail Leadership with Growth Potential - Destaque Vagas Mais","isPartOf":{"@id":"https:\/\/destaquevagasmais.com.br\/#website"},"datePublished":"2025-12-02T10:15:00+00:00","dateModified":"2025-12-02T10:15:12+00:00","author":{"@id":"https:\/\/destaquevagasmais.com.br\/#\/schema\/person\/d52888235fd6563bd07d97185d6a61e4"},"breadcrumb":{"@id":"https:\/\/destaquevagasmais.com.br\/982f8591-7c6f-41c3-b41e-b1825b87eab8\/#breadcrumb"},"inLanguage":"es-MX","potentialAction":[{"@type":"ReadAction","target":["https:\/\/destaquevagasmais.com.br\/982f8591-7c6f-41c3-b41e-b1825b87eab8\/"]}]},{"@type":"BreadcrumbList","@id":"https:\/\/destaquevagasmais.com.br\/982f8591-7c6f-41c3-b41e-b1825b87eab8\/#breadcrumb","itemListElement":[{"@type":"ListItem","position":1,"name":"Home","item":"https:\/\/destaquevagasmais.com.br\/"},{"@type":"ListItem","position":2,"name":"Grocery Manager: Full-Time Retail Leadership with Growth Potential"}]},{"@type":"WebSite","@id":"https:\/\/destaquevagasmais.com.br\/#website","url":"https:\/\/destaquevagasmais.com.br\/","name":"Destaque Vagas Mais","description":"","potentialAction":[{"@type":"SearchAction","target":{"@type":"EntryPoint","urlTemplate":"https:\/\/destaquevagasmais.com.br\/?s={search_term_string}"},"query-input":"required name=search_term_string"}],"inLanguage":"es-MX"},{"@type":"Person","@id":"https:\/\/destaquevagasmais.com.br\/#\/schema\/person\/d52888235fd6563bd07d97185d6a61e4","name":"Bruno Gianni","image":{"@type":"ImageObject","inLanguage":"es-MX","@id":"https:\/\/destaquevagasmais.com.br\/#\/schema\/person\/image\/","url":"https:\/\/secure.gravatar.com\/avatar\/0f5d42d7bf77874643c1478932860e3f?s=96&d=mm&r=g","contentUrl":"https:\/\/secure.gravatar.com\/avatar\/0f5d42d7bf77874643c1478932860e3f?s=96&d=mm&r=g","caption":"Bruno Gianni"},"description":"Bruno writes the way he lives, with curiosity, care, and respect for people. He likes to observe, listen, and try to understand what is happening on the other side before putting any words on the page.For him, writing is not about impressing, but about getting closer. It is about turning thoughts into something simple, clear, and real. Every text is an ongoing conversation, created with care and honesty, with the sincere intention of touching someone, somewhere along the way.","url":"https:\/\/destaquevagasmais.com.br\/es\/author\/bcgianni\/"}]}},"_links":{"self":[{"href":"https:\/\/destaquevagasmais.com.br\/es\/wp-json\/wp\/v2\/posts\/1546"}],"collection":[{"href":"https:\/\/destaquevagasmais.com.br\/es\/wp-json\/wp\/v2\/posts"}],"about":[{"href":"https:\/\/destaquevagasmais.com.br\/es\/wp-json\/wp\/v2\/types\/post"}],"author":[{"embeddable":true,"href":"https:\/\/destaquevagasmais.com.br\/es\/wp-json\/wp\/v2\/users\/3"}],"replies":[{"embeddable":true,"href":"https:\/\/destaquevagasmais.com.br\/es\/wp-json\/wp\/v2\/comments?post=1546"}],"version-history":[{"count":1,"href":"https:\/\/destaquevagasmais.com.br\/es\/wp-json\/wp\/v2\/posts\/1546\/revisions"}],"predecessor-version":[{"id":1556,"href":"https:\/\/destaquevagasmais.com.br\/es\/wp-json\/wp\/v2\/posts\/1546\/revisions\/1556"}],"wp:attachment":[{"href":"https:\/\/destaquevagasmais.com.br\/es\/wp-json\/wp\/v2\/media?parent=1546"}],"wp:term":[{"taxonomy":"category","embeddable":true,"href":"https:\/\/destaquevagasmais.com.br\/es\/wp-json\/wp\/v2\/categories?post=1546"},{"taxonomy":"post_tag","embeddable":true,"href":"https:\/\/destaquevagasmais.com.br\/es\/wp-json\/wp\/v2\/tags?post=1546"}],"curies":[{"name":"wp","href":"https:\/\/api.w.org\/{rel}","templated":true}]}}